{"id":24266,"date":"2014-05-27T13:40:01","date_gmt":"2014-05-27T16:40:01","guid":{"rendered":"http:\/\/blitzconquista.com.br\/new\/?p=24266"},"modified":"2014-05-27T13:40:01","modified_gmt":"2014-05-27T16:40:01","slug":"rodoviarios-param-mais-uma-vez-e-populacao-fica-a-ver-navios","status":"publish","type":"post","link":"http:\/\/blitzconquista.com.br\/?p=24266","title":{"rendered":"Rodovi\u00e1rios param mais uma vez e popula\u00e7\u00e3o fica a \u201cver navios\u201d"},"content":{"rendered":"<p>O impasse entre os rodovi\u00e1rios e as empresas de transporte coletivo de Vit\u00f3ria da Conquista tem trazido preju\u00edzos \u00e0 popula\u00e7\u00e3o.<\/p>\n<p>Por volta das 12h desta ter\u00e7a-feira (27) os funcion\u00e1rios das empresas pararam mais uma vez e quem depende do transporte p\u00fablico ficou na m\u00e3o.<\/p>\n<p>A Vit\u00f3ria e a Cidade Verde afirmam que tinham fechado um pr\u00e9-acordo com a categoria quando a classe recuou e decidiu continuar com as paralisa\u00e7\u00f5es.<\/p>\n<p>Nesta \u00faltima paralisa\u00e7\u00e3o, dezenas de coletivos foram estacionados na Av. Bartolomeu de Gusm\u00e3o.<\/p>\n<p><img decoding=\"async\" loading=\"lazy\" class=\"pie-img aligncenter\" src=\"http:\/\/lh4.ggpht.com\/-oY5Q0WfZXTE\/U4S9646s5mI\/AAAAAAAAAm4\/6G39A29J0nU\/DSC_7023.JPG?imgmax=576\" alt=\"DSC_7023.JPG\" width=\"576\" height=\"378\" \/><\/p>\n<p>Ainda houve registros de outros \u00f4nibus que foram parados no meio de vias p\u00fablicas, impedindo a fluidez do tr\u00e1fego.<\/p>\n<p>De acordo com alguns motoristas, essa foi mais uma paralisa\u00e7\u00e3o de advert\u00eancia.<\/p>\n<p>Com o caos provocado pela manifesta\u00e7\u00e3o dos rodovi\u00e1rios os propriet\u00e1rios de vans, que fazem o transporte alternativo, aproveitaram para ganhar um dinheiro extra.<\/p>\n<p><img decoding=\"async\" loading=\"lazy\" class=\"pie-img aligncenter\" src=\"http:\/\/lh5.ggpht.com\/-icLDBnoyzyw\/U4S95PJMQ6I\/AAAAAAAAAmw\/bw_xlpNj4dE\/DSC_7024.JPG?imgmax=576\" alt=\"DSC_7024.JPG\" width=\"576\" height=\"378\" \/><\/p>\n<p>Ainda assim milhares de usu\u00e1rios n\u00e3o conseguiram seguir ao seu destino, pois n\u00e3o tinham como se locomover.<\/p>\n","protected":false},"excerpt":{"rendered":"<p>O impasse entre os rodovi\u00e1rios e as empresas de transporte coletivo de Vit\u00f3ria da Conquista tem trazido preju\u00edzos \u00e0 popula\u00e7\u00e3o. Por volta das 12h desta ter\u00e7a-feira (27) os funcion\u00e1rios das empresas pararam mais uma vez e quem depende do transporte p\u00fablico ficou na m\u00e3o. A Vit\u00f3ria e a Cidade Verde afirmam que tinham fechado um [&hellip;]<\/p>\n","protected":false},"author":1,"featured_media":24267,"comment_status":"open","ping_status":"open","sticky":false,"template":"","format":"standard","meta":[],"categories":[5,7],"tags":[],"_links":{"self":[{"href":"http:\/\/blitzconquista.com.br\/index.php?rest_route=\/wp\/v2\/posts\/24266"}],"collection":[{"href":"http:\/\/blitzconquista.com.br\/index.php?rest_route=\/wp\/v2\/posts"}],"about":[{"href":"http:\/\/blitzconquista.com.br\/index.php?rest_route=\/wp\/v2\/types\/post"}],"author":[{"embeddable":true,"href":"http:\/\/blitzconquista.com.br\/index.php?rest_route=\/wp\/v2\/users\/1"}],"replies":[{"embeddable":true,"href":"http:\/\/blitzconquista.com.br\/index.php?rest_route=%2Fwp%2Fv2%2Fcomments&post=24266"}],"version-history":[{"count":0,"href":"http:\/\/blitzconquista.com.br\/index.php?rest_route=\/wp\/v2\/posts\/24266\/revisions"}],"wp:featuredmedia":[{"embeddable":true,"href":"http:\/\/blitzconquista.com.br\/index.php?rest_route=\/"}],"wp:attachment":[{"href":"http:\/\/blitzconquista.com.br\/index.php?rest_route=%2Fwp%2Fv2%2Fmedia&parent=24266"}],"wp:term":[{"taxonomy":"category","embeddable":true,"href":"http:\/\/blitzconquista.com.br\/index.php?rest_route=%2Fwp%2Fv2%2Fcategories&post=24266"},{"taxonomy":"post_tag","embeddable":true,"href":"http:\/\/blitzconquista.com.br\/index.php?rest_route=%2Fwp%2Fv2%2Ftags&post=24266"}],"curies":[{"name":"wp","href":"https:\/\/api.w.org\/{rel}","templated":true}]}}