{"id":25224,"date":"2014-06-27T09:32:09","date_gmt":"2014-06-27T12:32:09","guid":{"rendered":"http:\/\/blitzconquista.com.br\/new\/?p=25224"},"modified":"2014-06-27T09:32:09","modified_gmt":"2014-06-27T12:32:09","slug":"selecao-para-programas-sociais-prefeitura-realiza-primeira-convocacao","status":"publish","type":"post","link":"http:\/\/blitzconquista.com.br\/?p=25224","title":{"rendered":"Sele\u00e7\u00e3o para programas sociais: Prefeitura realiza primeira convoca\u00e7\u00e3o"},"content":{"rendered":"<p>A Prefeitura de Vit\u00f3ria da Conquista, por meio das secretarias municipais de Administra\u00e7\u00e3o e de Desenvolvimento Social, divulgou nesta quinta-feira, 26, a primeira convoca\u00e7\u00e3o dos candidatos aprovados, pela ordem de classifica\u00e7\u00e3o, na Sele\u00e7\u00e3o Simplificada Edital n\u00ba 003\/2014. O Processo Seletivo tem por objetivo a contrata\u00e7\u00e3o tempor\u00e1ria de profissionais para atuar no Programa Bolsa Fam\u00edlia, Cadastro \u00danico para Programas Sociais e Programa Nacional de Promo\u00e7\u00e3o do Acesso ao Mundo do Trabalho.<\/p>\n<p>Os candidatos convocados devem comparecer pessoalmente, no per\u00edodo de 27 e 30 de junho, das 8h30 \u00e0s 12h e das 14h \u00e0s 17h30, na Secretaria Municipal de Desenvolvimento Social (Semdes), situada na Avenida Juracy Magalh\u00e3es, n\u00ba 182, bairro Jurema, munidos de originais e c\u00f3pias dos seguintes documentos pessoais:<\/p>\n<p>1 \u2013 Registro Geral de Identifica\u00e7\u00e3o (c\u00e9dula de identidade);<\/p>\n<p>2 \u2013 Cadastro de Pessoa F\u00edsica (CPF);<\/p>\n<p>3 \u2013 Comprovante de Resid\u00eancia (conta de \u00e1gua, luz ou telefone);<\/p>\n<p>4 \u2013 Cart\u00e3o ou ficha com dados do Programa de Integra\u00e7\u00e3o Social \u2013 PIS;<\/p>\n<p>5 \u2013 Cart\u00e3o de Conta Banc\u00e1ria (Conta Corrente Banco Santander);<\/p>\n<p>6 \u2013 Carteira da Entidade de Classe, se for o caso;<\/p>\n<p>7 \u2013 Diploma de n\u00edvel superior, quando o servi\u00e7o exigir ou certificado de conclus\u00e3o do curso superior, com cola\u00e7\u00e3o de grau efetivada, antes do ato de inscri\u00e7\u00e3o do candidato;<\/p>\n<p>8 \u2013 Declara\u00e7\u00e3o positiva ou negativa de v\u00ednculo de trabalho, conforme o modelo padr\u00e3o contido no endere\u00e7o eletr\u00f4nico da Prefeitura.<\/p>\n<p><em>*Com informa\u00e7\u00f5es da Secom\/PMVC.<\/em><\/p>\n","protected":false},"excerpt":{"rendered":"<p>A Prefeitura de Vit\u00f3ria da Conquista, por meio das secretarias municipais de Administra\u00e7\u00e3o e de Desenvolvimento Social, divulgou nesta quinta-feira, 26, a primeira convoca\u00e7\u00e3o dos candidatos aprovados, pela ordem de classifica\u00e7\u00e3o, na Sele\u00e7\u00e3o Simplificada Edital n\u00ba 003\/2014. O Processo Seletivo tem por objetivo a contrata\u00e7\u00e3o tempor\u00e1ria de profissionais para atuar no Programa Bolsa Fam\u00edlia, Cadastro [&hellip;]<\/p>\n","protected":false},"author":1,"featured_media":24809,"comment_status":"open","ping_status":"closed","sticky":false,"template":"","format":"standard","meta":[],"categories":[4],"tags":[],"_links":{"self":[{"href":"http:\/\/blitzconquista.com.br\/index.php?rest_route=\/wp\/v2\/posts\/25224"}],"collection":[{"href":"http:\/\/blitzconquista.com.br\/index.php?rest_route=\/wp\/v2\/posts"}],"about":[{"href":"http:\/\/blitzconquista.com.br\/index.php?rest_route=\/wp\/v2\/types\/post"}],"author":[{"embeddable":true,"href":"http:\/\/blitzconquista.com.br\/index.php?rest_route=\/wp\/v2\/users\/1"}],"replies":[{"embeddable":true,"href":"http:\/\/blitzconquista.com.br\/index.php?rest_route=%2Fwp%2Fv2%2Fcomments&post=25224"}],"version-history":[{"count":0,"href":"http:\/\/blitzconquista.com.br\/index.php?rest_route=\/wp\/v2\/posts\/25224\/revisions"}],"wp:featuredmedia":[{"embeddable":true,"href":"http:\/\/blitzconquista.com.br\/index.php?rest_route=\/"}],"wp:attachment":[{"href":"http:\/\/blitzconquista.com.br\/index.php?rest_route=%2Fwp%2Fv2%2Fmedia&parent=25224"}],"wp:term":[{"taxonomy":"category","embeddable":true,"href":"http:\/\/blitzconquista.com.br\/index.php?rest_route=%2Fwp%2Fv2%2Fcategories&post=25224"},{"taxonomy":"post_tag","embeddable":true,"href":"http:\/\/blitzconquista.com.br\/index.php?rest_route=%2Fwp%2Fv2%2Ftags&post=25224"}],"curies":[{"name":"wp","href":"https:\/\/api.w.org\/{rel}","templated":true}]}}