{"id":25337,"date":"2014-07-02T01:21:37","date_gmt":"2014-07-02T04:21:37","guid":{"rendered":"http:\/\/blitzconquista.com.br\/new\/?p=25337"},"modified":"2014-07-02T01:21:37","modified_gmt":"2014-07-02T04:21:37","slug":"barra-do-choca-mais-de-cinco-mil-pessoas-participam-do-sao-pedro-em-barra-nova","status":"publish","type":"post","link":"http:\/\/blitzconquista.com.br\/?p=25337","title":{"rendered":"BARRA DO CHO\u00c7A: Mais de cinco mil pessoas participam do S\u00e3o Pedro em Barra Nova"},"content":{"rendered":"<p>Uma festa para entrar para a hist\u00f3ria do Distrito de Barra Nova, a festa do S\u00e3o Pedro 2014. Como de\u00a0praxe, a prefeitura Municipal de Barra do Cho\u00e7a atrav\u00e9s do Departamento de Cultura realiza no Distrito de Barra Nova o Encerramento dos festejos Juninos do munic\u00edpioNo entanto este ano, o evento superou todas as expectativas. De acordo o coordenador Euz\u00e9bio Oliveira, o <em>\u201cS\u00e3o Pedro de Barra Nova\u201d<\/em>, como \u00e9 conhecido\u201d foi um sucesso, em p\u00fablico, em atra\u00e7\u00f5es e em organiza\u00e7\u00e3o. que uma mega estrutura foi montada para proporcionar aos\u00a0foli\u00f5es, conforto e seguran\u00e7a durante a noite. Homens da Pol\u00edcia Militar e da Guarda Civil Municipal garantiram a seguran\u00e7a dos participantes. Mais de cinco mil pessoas prestigiaram a noite do s\u00e1bado, 28\/06.<\/p>\n<p><a href=\"http:\/\/blitzconquista.com.br\/new\/wp-content\/uploads\/2014\/07\/1barranova4.jpg\"><img decoding=\"async\" loading=\"lazy\" class=\" wp-image-25338 aligncenter\" src=\"http:\/\/blitzconquista.com.br\/new\/wp-content\/uploads\/2014\/07\/1barranova4.jpg\" alt=\"1barranova4\" width=\"466\" height=\"261\" \/><\/a><\/p>\n<p>Nos dois dias, diversas atra\u00e7\u00f5es de Barra do Cho\u00e7a e da regi\u00e3o sudoeste fizeram a anima\u00e7\u00e3o do evento, foram eles, Fabri\u00e7\u00e3o, \u201cO Moral do forr\u00f3\u201d, Maria Vai Com as outras, Novo Stylo, Marcelo Gomes, Louren\u00e7o e o poeta Onildo Barbosa. A sonoriza\u00e7\u00e3o ficou por conta da boa Empresa,\u00a0JL Sonoriza\u00e7\u00e3o. Quanto\u00a0a anima\u00e7\u00e3o do palco, o experiente e\u00a0ecl\u00e9tico\u00a0Wilson Will\u00a0fez as honras da casa.<\/p>\n<p><em>*Ascom<\/em><\/p>\n","protected":false},"excerpt":{"rendered":"<p>Uma festa para entrar para a hist\u00f3ria do Distrito de Barra Nova, a festa do S\u00e3o Pedro 2014. Como de\u00a0praxe, a prefeitura Municipal de Barra do Cho\u00e7a atrav\u00e9s do Departamento de Cultura realiza no Distrito de Barra Nova o Encerramento dos festejos Juninos do munic\u00edpioNo entanto este ano, o evento superou todas as expectativas. De [&hellip;]<\/p>\n","protected":false},"author":1,"featured_media":25339,"comment_status":"open","ping_status":"closed","sticky":false,"template":"","format":"standard","meta":[],"categories":[4],"tags":[],"_links":{"self":[{"href":"http:\/\/blitzconquista.com.br\/index.php?rest_route=\/wp\/v2\/posts\/25337"}],"collection":[{"href":"http:\/\/blitzconquista.com.br\/index.php?rest_route=\/wp\/v2\/posts"}],"about":[{"href":"http:\/\/blitzconquista.com.br\/index.php?rest_route=\/wp\/v2\/types\/post"}],"author":[{"embeddable":true,"href":"http:\/\/blitzconquista.com.br\/index.php?rest_route=\/wp\/v2\/users\/1"}],"replies":[{"embeddable":true,"href":"http:\/\/blitzconquista.com.br\/index.php?rest_route=%2Fwp%2Fv2%2Fcomments&post=25337"}],"version-history":[{"count":0,"href":"http:\/\/blitzconquista.com.br\/index.php?rest_route=\/wp\/v2\/posts\/25337\/revisions"}],"wp:featuredmedia":[{"embeddable":true,"href":"http:\/\/blitzconquista.com.br\/index.php?rest_route=\/"}],"wp:attachment":[{"href":"http:\/\/blitzconquista.com.br\/index.php?rest_route=%2Fwp%2Fv2%2Fmedia&parent=25337"}],"wp:term":[{"taxonomy":"category","embeddable":true,"href":"http:\/\/blitzconquista.com.br\/index.php?rest_route=%2Fwp%2Fv2%2Fcategories&post=25337"},{"taxonomy":"post_tag","embeddable":true,"href":"http:\/\/blitzconquista.com.br\/index.php?rest_route=%2Fwp%2Fv2%2Ftags&post=25337"}],"curies":[{"name":"wp","href":"https:\/\/api.w.org\/{rel}","templated":true}]}}