{"id":25565,"date":"2014-07-07T09:55:05","date_gmt":"2014-07-07T12:55:05","guid":{"rendered":"http:\/\/blitzconquista.com.br\/new\/?p=25565"},"modified":"2014-07-07T09:55:05","modified_gmt":"2014-07-07T12:55:05","slug":"novo-aeroporto-de-conquista-ainda-tem-pendencias-juridicas","status":"publish","type":"post","link":"http:\/\/blitzconquista.com.br\/?p=25565","title":{"rendered":"Novo aeroporto de Conquista ainda tem pend\u00eancias jur\u00eddicas"},"content":{"rendered":"<p>T\u00e9cnicos da Empresa Brasileira de Infraestrutura Aeroportu\u00e1riaInfraero \u2013 \u00f3rg\u00e3o vinculado \u00e0 Secretaria de Avia\u00e7\u00e3o Civil da Presid\u00eancia da Rep\u00fablica, do Departamento de Infraestrutura de Transportes da BahiaDerba e da Aerona\u00fatica chegam nesta segunda-feira (7) a Vit\u00f3ria da Conquista, onde fixar\u00e3o \u201cresid\u00eancia\u201d durante todo o per\u00edodo de constru\u00e7\u00e3o do novo aeroporto regional. O \u201cescrit\u00f3rio\u201d j\u00e1 foi constru\u00eddo no pr\u00f3prio canteiro de obra onde o Blog do F\u00e1bio Sena e o site Blitz Conquista estiveram na tarde deste domingo para informar-se sobre o andamento das obras.<\/p>\n<p><a href=\"http:\/\/blitzconquista.com.br\/new\/wp-content\/uploads\/2014\/07\/DSC_0107.jpg\"><img decoding=\"async\" loading=\"lazy\" class=\"wp-image-25566 aligncenter\" src=\"http:\/\/blitzconquista.com.br\/new\/wp-content\/uploads\/2014\/07\/DSC_0107.jpg\" alt=\"DSC_0107\" width=\"504\" height=\"255\" \/><\/a><\/p>\n<p>Durante a visita, foi poss\u00edvel verificar que as m\u00e1quinas est\u00e3o executando a todo vapor os servi\u00e7os de terraplanagem e a pista de pouso e decolagem ganha forma.<\/p>\n<p><a href=\"http:\/\/blitzconquista.com.br\/new\/wp-content\/uploads\/2014\/07\/DSC_0126.jpg\"><img decoding=\"async\" loading=\"lazy\" class=\" wp-image-25569 aligncenter\" src=\"http:\/\/blitzconquista.com.br\/new\/wp-content\/uploads\/2014\/07\/DSC_0126.jpg\" alt=\"DSC_0126\" width=\"496\" height=\"251\" \/><\/a><\/p>\n<p>Uma informa\u00e7\u00e3o, obtida com exclusividade, diz respeito \u00e0 exist\u00eancia, ainda, de pend\u00eancias judiciais com o propriet\u00e1rio de uma \u00e1rea onde dever\u00e1 ser constru\u00edda parte da pista de pouso e decolagem. O dono do terreno inclusive esteve no local das obras neste s\u00e1bado na tentativa de conversar com t\u00e9cnicos da empresa respons\u00e1vel pela realiza\u00e7\u00e3o das obras, mas n\u00e3o foi poss\u00edvel levantar as raz\u00f5es que o levaram l\u00e1. Ainda segundo informa\u00e7\u00f5es, o \u201cportugu\u00eas\u201d, como \u00e9 conhecido o dono da \u00e1rea, n\u00e3o teria comparecido \u00e0 \u00faltima audi\u00eancia relativa \u00e0 a\u00e7\u00e3o de desapropria\u00e7\u00e3o.<\/p>\n<figure id=\"attachment_25568\" aria-describedby=\"caption-attachment-25568\" style=\"width: 476px\" class=\"wp-caption aligncenter\"><a href=\"http:\/\/blitzconquista.com.br\/new\/wp-content\/uploads\/2014\/07\/DSC_0125.jpg\"><img decoding=\"async\" loading=\"lazy\" class=\"wp-image-25568\" src=\"http:\/\/blitzconquista.com.br\/new\/wp-content\/uploads\/2014\/07\/DSC_0125.jpg\" alt=\"DSC_0125\" width=\"476\" height=\"241\" \/><\/a><figcaption id=\"caption-attachment-25568\" class=\"wp-caption-text\"><em>Ao fundo, a cerca mostra que as terras do &#8220;portugu\u00eas&#8221; impedem o avan\u00e7o das obras da pista<\/em><\/figcaption><\/figure>\n<p>Fato \u00e9 que a \u00e1rea dele continua devidamente cercada e impede o avan\u00e7o das obras. Nesta segunda-feira, os blogs buscar\u00e3o informa\u00e7\u00f5es junto aos t\u00e9cnicos dos governos estadual e federal para saber dos detalhes acerca do processo de desapropria\u00e7\u00e3o e se procedem as informa\u00e7\u00f5es colhidas no local.<\/p>\n","protected":false},"excerpt":{"rendered":"<p>T\u00e9cnicos da Empresa Brasileira de Infraestrutura Aeroportu\u00e1riaInfraero \u2013 \u00f3rg\u00e3o vinculado \u00e0 Secretaria de Avia\u00e7\u00e3o Civil da Presid\u00eancia da Rep\u00fablica, do Departamento de Infraestrutura de Transportes da BahiaDerba e da Aerona\u00fatica chegam nesta segunda-feira (7) a Vit\u00f3ria da Conquista, onde fixar\u00e3o \u201cresid\u00eancia\u201d durante todo o per\u00edodo de constru\u00e7\u00e3o do novo aeroporto regional. O \u201cescrit\u00f3rio\u201d j\u00e1 foi [&hellip;]<\/p>\n","protected":false},"author":1,"featured_media":25567,"comment_status":"open","ping_status":"closed","sticky":false,"template":"","format":"standard","meta":[],"categories":[4],"tags":[],"_links":{"self":[{"href":"http:\/\/blitzconquista.com.br\/index.php?rest_route=\/wp\/v2\/posts\/25565"}],"collection":[{"href":"http:\/\/blitzconquista.com.br\/index.php?rest_route=\/wp\/v2\/posts"}],"about":[{"href":"http:\/\/blitzconquista.com.br\/index.php?rest_route=\/wp\/v2\/types\/post"}],"author":[{"embeddable":true,"href":"http:\/\/blitzconquista.com.br\/index.php?rest_route=\/wp\/v2\/users\/1"}],"replies":[{"embeddable":true,"href":"http:\/\/blitzconquista.com.br\/index.php?rest_route=%2Fwp%2Fv2%2Fcomments&post=25565"}],"version-history":[{"count":0,"href":"http:\/\/blitzconquista.com.br\/index.php?rest_route=\/wp\/v2\/posts\/25565\/revisions"}],"wp:featuredmedia":[{"embeddable":true,"href":"http:\/\/blitzconquista.com.br\/index.php?rest_route=\/"}],"wp:attachment":[{"href":"http:\/\/blitzconquista.com.br\/index.php?rest_route=%2Fwp%2Fv2%2Fmedia&parent=25565"}],"wp:term":[{"taxonomy":"category","embeddable":true,"href":"http:\/\/blitzconquista.com.br\/index.php?rest_route=%2Fwp%2Fv2%2Fcategories&post=25565"},{"taxonomy":"post_tag","embeddable":true,"href":"http:\/\/blitzconquista.com.br\/index.php?rest_route=%2Fwp%2Fv2%2Ftags&post=25565"}],"curies":[{"name":"wp","href":"https:\/\/api.w.org\/{rel}","templated":true}]}}