{"id":25672,"date":"2014-07-09T21:02:19","date_gmt":"2014-07-10T00:02:19","guid":{"rendered":"http:\/\/blitzconquista.com.br\/new\/?p=25672"},"modified":"2014-07-09T21:02:19","modified_gmt":"2014-07-10T00:02:19","slug":"vitoria-da-conquista-sedia-saloes-de-artes-visuais-da-bahia","status":"publish","type":"post","link":"http:\/\/blitzconquista.com.br\/?p=25672","title":{"rendered":"Vit\u00f3ria da Conquista sedia Sal\u00f5es de Artes Visuais da Bahia"},"content":{"rendered":"<p>Ser\u00e1 aberta no pr\u00f3ximo dia 18 de julho, em Vit\u00f3ria da Conquista, e segue at\u00e9 o dia 31 de agosto, a \u00faltima exposi\u00e7\u00e3o da edi\u00e7\u00e3o 2013 dos Sal\u00f5es de Artes Visuais da Bahia. A exposi\u00e7\u00e3o acontece no Centro de Cultura Camillo de Jesus Lima e a solenidade de abertura ser\u00e1 \u00e0s 19 horas. O hor\u00e1rio de visita\u00e7\u00e3o da mostra ser\u00e1 diariamente, das 9 \u00e0s 21 horas, com entrada gratuita.<\/p>\n<p>O Sal\u00e3o em Conquista apresenta 25 obras em diversos estilos e g\u00eaneros, com tem\u00e1tica livre, de artistas n\u00e3o apenas de Conquista, mas tamb\u00e9m de Salvador, Juazeiro, Ilh\u00e9us, Len\u00e7\u00f3is, Araci, Seabra e Feira de Santana. Na edi\u00e7\u00e3o de 2013, houve um recorde de inscritos: das 463 propostas apresentadas, por meio de edital p\u00fablico, foram selecionadas 108 obras realizadas por 77 diferentes artistas.<\/p>\n<p>Os Sal\u00f5es de Artes Visuais da Bahia s\u00e3o promovidos pela Funda\u00e7\u00e3o Cultural do Estado da Bahia (Funceb), entidade vinculada \u00e0 Secretaria de Cultura do Governo do Estado (Secult-BA), e acontece na cidade com o apoio da Diretoria de Espa\u00e7os Culturais da Secult-BA e da Prefeitura de Vit\u00f3ria da Conquista. Com informa\u00e7\u00f5es da Secom\/PMVC<\/p>\n","protected":false},"excerpt":{"rendered":"<p>Ser\u00e1 aberta no pr\u00f3ximo dia 18 de julho, em Vit\u00f3ria da Conquista, e segue at\u00e9 o dia 31 de agosto, a \u00faltima exposi\u00e7\u00e3o da edi\u00e7\u00e3o 2013 dos Sal\u00f5es de Artes Visuais da Bahia. A exposi\u00e7\u00e3o acontece no Centro de Cultura Camillo de Jesus Lima e a solenidade de abertura ser\u00e1 \u00e0s 19 horas. O hor\u00e1rio [&hellip;]<\/p>\n","protected":false},"author":1,"featured_media":25673,"comment_status":"open","ping_status":"closed","sticky":false,"template":"","format":"standard","meta":[],"categories":[4],"tags":[],"_links":{"self":[{"href":"http:\/\/blitzconquista.com.br\/index.php?rest_route=\/wp\/v2\/posts\/25672"}],"collection":[{"href":"http:\/\/blitzconquista.com.br\/index.php?rest_route=\/wp\/v2\/posts"}],"about":[{"href":"http:\/\/blitzconquista.com.br\/index.php?rest_route=\/wp\/v2\/types\/post"}],"author":[{"embeddable":true,"href":"http:\/\/blitzconquista.com.br\/index.php?rest_route=\/wp\/v2\/users\/1"}],"replies":[{"embeddable":true,"href":"http:\/\/blitzconquista.com.br\/index.php?rest_route=%2Fwp%2Fv2%2Fcomments&post=25672"}],"version-history":[{"count":0,"href":"http:\/\/blitzconquista.com.br\/index.php?rest_route=\/wp\/v2\/posts\/25672\/revisions"}],"wp:featuredmedia":[{"embeddable":true,"href":"http:\/\/blitzconquista.com.br\/index.php?rest_route=\/"}],"wp:attachment":[{"href":"http:\/\/blitzconquista.com.br\/index.php?rest_route=%2Fwp%2Fv2%2Fmedia&parent=25672"}],"wp:term":[{"taxonomy":"category","embeddable":true,"href":"http:\/\/blitzconquista.com.br\/index.php?rest_route=%2Fwp%2Fv2%2Fcategories&post=25672"},{"taxonomy":"post_tag","embeddable":true,"href":"http:\/\/blitzconquista.com.br\/index.php?rest_route=%2Fwp%2Fv2%2Ftags&post=25672"}],"curies":[{"name":"wp","href":"https:\/\/api.w.org\/{rel}","templated":true}]}}