{"id":25704,"date":"2014-07-10T18:44:03","date_gmt":"2014-07-10T21:44:03","guid":{"rendered":"http:\/\/blitzconquista.com.br\/new\/?p=25704"},"modified":"2014-07-10T18:44:03","modified_gmt":"2014-07-10T21:44:03","slug":"servico-emergencial-afeta-abastecimento-de-agua-em-bairros-de-conquista","status":"publish","type":"post","link":"http:\/\/blitzconquista.com.br\/?p=25704","title":{"rendered":"Servi\u00e7o emergencial afeta abastecimento de \u00e1gua em bairros de Conquista"},"content":{"rendered":"<p>Para realizar manuten\u00e7\u00e3o emergencial na esta\u00e7\u00e3o elevat\u00f3ria localizada na Pra\u00e7a S\u00e1 Barreto, o fornecimento de \u00e1gua foi interrompido hoje (10), desde as 8 horas, nos Bairros Panorama, Alto do Cruzeiro, Alto do Guarani, Nossa Senhora Aparecida, Henriqueta Prates, Recanto das \u00c1guas, Miro Cairo, Senhorinha Cairo, Vilas Serranas, Bateias I e II, Urbis V, Cidade Maravilhosa, Distrito Industrial, Bate-p\u00e9 e adjac\u00eancias, no munic\u00edpio de Vit\u00f3ria da Conquista.<\/p>\n<p>A empresa recomenda que a popula\u00e7\u00e3o economize \u00e1gua, consumindo o estritamente necess\u00e1rio do volume armazenado nos reservat\u00f3rios domiciliares at\u00e9 a regulariza\u00e7\u00e3o do abastecimento, que deve ser iniciada de forma gradativa a partir do final da tarde de hoje.<\/p>\n<p><em>\u00a0*Assessoria de Comunica\u00e7\u00e3o Embasa<\/em><\/p>\n","protected":false},"excerpt":{"rendered":"<p>Para realizar manuten\u00e7\u00e3o emergencial na esta\u00e7\u00e3o elevat\u00f3ria localizada na Pra\u00e7a S\u00e1 Barreto, o fornecimento de \u00e1gua foi interrompido hoje (10), desde as 8 horas, nos Bairros Panorama, Alto do Cruzeiro, Alto do Guarani, Nossa Senhora Aparecida, Henriqueta Prates, Recanto das \u00c1guas, Miro Cairo, Senhorinha Cairo, Vilas Serranas, Bateias I e II, Urbis V, Cidade Maravilhosa, [&hellip;]<\/p>\n","protected":false},"author":1,"featured_media":24857,"comment_status":"open","ping_status":"closed","sticky":false,"template":"","format":"standard","meta":[],"categories":[4],"tags":[],"_links":{"self":[{"href":"http:\/\/blitzconquista.com.br\/index.php?rest_route=\/wp\/v2\/posts\/25704"}],"collection":[{"href":"http:\/\/blitzconquista.com.br\/index.php?rest_route=\/wp\/v2\/posts"}],"about":[{"href":"http:\/\/blitzconquista.com.br\/index.php?rest_route=\/wp\/v2\/types\/post"}],"author":[{"embeddable":true,"href":"http:\/\/blitzconquista.com.br\/index.php?rest_route=\/wp\/v2\/users\/1"}],"replies":[{"embeddable":true,"href":"http:\/\/blitzconquista.com.br\/index.php?rest_route=%2Fwp%2Fv2%2Fcomments&post=25704"}],"version-history":[{"count":0,"href":"http:\/\/blitzconquista.com.br\/index.php?rest_route=\/wp\/v2\/posts\/25704\/revisions"}],"wp:featuredmedia":[{"embeddable":true,"href":"http:\/\/blitzconquista.com.br\/index.php?rest_route=\/"}],"wp:attachment":[{"href":"http:\/\/blitzconquista.com.br\/index.php?rest_route=%2Fwp%2Fv2%2Fmedia&parent=25704"}],"wp:term":[{"taxonomy":"category","embeddable":true,"href":"http:\/\/blitzconquista.com.br\/index.php?rest_route=%2Fwp%2Fv2%2Fcategories&post=25704"},{"taxonomy":"post_tag","embeddable":true,"href":"http:\/\/blitzconquista.com.br\/index.php?rest_route=%2Fwp%2Fv2%2Ftags&post=25704"}],"curies":[{"name":"wp","href":"https:\/\/api.w.org\/{rel}","templated":true}]}}