{"id":26274,"date":"2014-07-29T23:18:47","date_gmt":"2014-07-30T02:18:47","guid":{"rendered":"http:\/\/blitzconquista.com.br\/new\/?p=26274"},"modified":"2014-07-29T23:18:47","modified_gmt":"2014-07-30T02:18:47","slug":"inscricoes-para-curso-de-informatica-podem-ser-feitas-na-semtre-ate-o-dia-7","status":"publish","type":"post","link":"http:\/\/blitzconquista.com.br\/?p=26274","title":{"rendered":"Inscri\u00e7\u00f5es para curso de Inform\u00e1tica podem ser feitas na Semtre at\u00e9 o dia 7"},"content":{"rendered":"<p>Os governos Municipal e Estadual, em parceria o Instituto Miguel Calmon (Imic), est\u00e3o oferecendo um curso destinado a contribuir com o desenvolvimento econ\u00f4mico e social da regi\u00e3o. A capacita\u00e7\u00e3o est\u00e1 dividida em dois m\u00f3dulos e acontece na Secretaria Municipal de Trabalho, Renda e Desenvolvimento Econ\u00f4mico (Semtre).<\/p>\n<p>O primeiro m\u00f3dulo, com foco em Inform\u00e1tica e carga hor\u00e1ria de 40 horas, foi iniciado na \u00faltima segunda-feira, 28, na Semtre. Posteriormente, ter\u00e1 in\u00edcio o segundo m\u00f3dulo, previsto para ter 60 horas \u2013 totalizando 100 horas de carga hor\u00e1ria \u2013 e conte\u00fado nas \u00e1reas de Portugu\u00eas, Ingl\u00eas e Conhecimentos Gerais.<\/p>\n<p>Embora o curso j\u00e1 tenha come\u00e7ado, as inscri\u00e7\u00f5es ainda podem ser feitas at\u00e9 o dia 7 de agosto, na sede da Semtre, das 8h \u00e0s 12h e das 14h \u00e0s 18h, por meio do Programa Qualifica Conquista. Os interessados devem comparecer munidos de c\u00f3pias dos seguintes documentos:<\/p>\n<p>&#8211; RG<\/p>\n<p>&#8211; CPF<\/p>\n<p>&#8211; Comprovante de matr\u00edcula ou de finaliza\u00e7\u00e3o do Ensino M\u00e9dio<\/p>\n<p>&#8211; Comprovante de resid\u00eancia atual<\/p>\n<p>&#8211; Uma fotografia 3 x 4<\/p>\n<p>*As informa\u00e7\u00f5es s\u00e3o da Secom\/PMVC<\/p>\n","protected":false},"excerpt":{"rendered":"<p>Os governos Municipal e Estadual, em parceria o Instituto Miguel Calmon (Imic), est\u00e3o oferecendo um curso destinado a contribuir com o desenvolvimento econ\u00f4mico e social da regi\u00e3o. A capacita\u00e7\u00e3o est\u00e1 dividida em dois m\u00f3dulos e acontece na Secretaria Municipal de Trabalho, Renda e Desenvolvimento Econ\u00f4mico (Semtre). O primeiro m\u00f3dulo, com foco em Inform\u00e1tica e carga [&hellip;]<\/p>\n","protected":false},"author":1,"featured_media":26275,"comment_status":"open","ping_status":"closed","sticky":false,"template":"","format":"standard","meta":[],"categories":[28],"tags":[],"_links":{"self":[{"href":"http:\/\/blitzconquista.com.br\/index.php?rest_route=\/wp\/v2\/posts\/26274"}],"collection":[{"href":"http:\/\/blitzconquista.com.br\/index.php?rest_route=\/wp\/v2\/posts"}],"about":[{"href":"http:\/\/blitzconquista.com.br\/index.php?rest_route=\/wp\/v2\/types\/post"}],"author":[{"embeddable":true,"href":"http:\/\/blitzconquista.com.br\/index.php?rest_route=\/wp\/v2\/users\/1"}],"replies":[{"embeddable":true,"href":"http:\/\/blitzconquista.com.br\/index.php?rest_route=%2Fwp%2Fv2%2Fcomments&post=26274"}],"version-history":[{"count":0,"href":"http:\/\/blitzconquista.com.br\/index.php?rest_route=\/wp\/v2\/posts\/26274\/revisions"}],"wp:featuredmedia":[{"embeddable":true,"href":"http:\/\/blitzconquista.com.br\/index.php?rest_route=\/"}],"wp:attachment":[{"href":"http:\/\/blitzconquista.com.br\/index.php?rest_route=%2Fwp%2Fv2%2Fmedia&parent=26274"}],"wp:term":[{"taxonomy":"category","embeddable":true,"href":"http:\/\/blitzconquista.com.br\/index.php?rest_route=%2Fwp%2Fv2%2Fcategories&post=26274"},{"taxonomy":"post_tag","embeddable":true,"href":"http:\/\/blitzconquista.com.br\/index.php?rest_route=%2Fwp%2Fv2%2Ftags&post=26274"}],"curies":[{"name":"wp","href":"https:\/\/api.w.org\/{rel}","templated":true}]}}