{"id":26377,"date":"2014-08-03T13:47:26","date_gmt":"2014-08-03T16:47:26","guid":{"rendered":"http:\/\/blitzconquista.com.br\/new\/?p=26377"},"modified":"2014-08-03T13:47:26","modified_gmt":"2014-08-03T16:47:26","slug":"conquista-realiza-o-iv-seminario-estadual-de-educacao-integral-trilhando-caminhos-nos-territorios-baianos","status":"publish","type":"post","link":"http:\/\/blitzconquista.com.br\/?p=26377","title":{"rendered":"Conquista realiza o IV Semin\u00e1rio Estadual de \u201cEduca\u00e7\u00e3o Integral: trilhando caminhos nos territ\u00f3rios baianos\u201d"},"content":{"rendered":"<p>A partir da pr\u00f3xima segunda-feira, 4, o IV Semin\u00e1rio Estadual de \u201cEduca\u00e7\u00e3o Integral: trilhando caminhos nos territ\u00f3rios baianos\u201d. A atividade \u00e9 realizada pelos Governos Estadual e Municipal e pelo Comit\u00ea Territorial Baiano de Educa\u00e7\u00e3o Integral Integrada (CTBEII) e ser\u00e1 realizado at\u00e9 a pr\u00f3xima quarta-feira, 6, no Centro de Conven\u00e7\u00f5es Divaldo Franco.<\/p>\n<p>O evento tem como p\u00fablico alvo os gestores escolares e articuladores do programa que visa induzir a amplia\u00e7\u00e3o da jornada escolar e a organiza\u00e7\u00e3o curricular na perspectiva da Educa\u00e7\u00e3o Integral nos 417 munic\u00edpios baianos.<\/p>\n<p>Durante o semin\u00e1rio, ser\u00e3o ministradas palestras e mesas redondas que discutir\u00e3o sobre temas como Educa\u00e7\u00e3o Emocional e Social; Caminhos para Educa\u00e7\u00e3o Integral; Pol\u00edtica de Educa\u00e7\u00e3o Integral no Brasil; Pol\u00edticas de Educa\u00e7\u00e3o Integral na Rede Estadual da Bahia; entre v\u00e1rios outros debates. Haver\u00e1 ainda atividades culturais e exposi\u00e7\u00e3o de p\u00f4steres sobre as mais variadas experi\u00eancias dos munic\u00edpios baianos.<\/p>\n","protected":false},"excerpt":{"rendered":"<p>A partir da pr\u00f3xima segunda-feira, 4, o IV Semin\u00e1rio Estadual de \u201cEduca\u00e7\u00e3o Integral: trilhando caminhos nos territ\u00f3rios baianos\u201d. A atividade \u00e9 realizada pelos Governos Estadual e Municipal e pelo Comit\u00ea Territorial Baiano de Educa\u00e7\u00e3o Integral Integrada (CTBEII) e ser\u00e1 realizado at\u00e9 a pr\u00f3xima quarta-feira, 6, no Centro de Conven\u00e7\u00f5es Divaldo Franco. O evento tem como [&hellip;]<\/p>\n","protected":false},"author":1,"featured_media":26378,"comment_status":"open","ping_status":"closed","sticky":false,"template":"","format":"standard","meta":[],"categories":[28],"tags":[],"_links":{"self":[{"href":"http:\/\/blitzconquista.com.br\/index.php?rest_route=\/wp\/v2\/posts\/26377"}],"collection":[{"href":"http:\/\/blitzconquista.com.br\/index.php?rest_route=\/wp\/v2\/posts"}],"about":[{"href":"http:\/\/blitzconquista.com.br\/index.php?rest_route=\/wp\/v2\/types\/post"}],"author":[{"embeddable":true,"href":"http:\/\/blitzconquista.com.br\/index.php?rest_route=\/wp\/v2\/users\/1"}],"replies":[{"embeddable":true,"href":"http:\/\/blitzconquista.com.br\/index.php?rest_route=%2Fwp%2Fv2%2Fcomments&post=26377"}],"version-history":[{"count":0,"href":"http:\/\/blitzconquista.com.br\/index.php?rest_route=\/wp\/v2\/posts\/26377\/revisions"}],"wp:featuredmedia":[{"embeddable":true,"href":"http:\/\/blitzconquista.com.br\/index.php?rest_route=\/"}],"wp:attachment":[{"href":"http:\/\/blitzconquista.com.br\/index.php?rest_route=%2Fwp%2Fv2%2Fmedia&parent=26377"}],"wp:term":[{"taxonomy":"category","embeddable":true,"href":"http:\/\/blitzconquista.com.br\/index.php?rest_route=%2Fwp%2Fv2%2Fcategories&post=26377"},{"taxonomy":"post_tag","embeddable":true,"href":"http:\/\/blitzconquista.com.br\/index.php?rest_route=%2Fwp%2Fv2%2Ftags&post=26377"}],"curies":[{"name":"wp","href":"https:\/\/api.w.org\/{rel}","templated":true}]}}