{"id":26651,"date":"2014-08-12T23:22:45","date_gmt":"2014-08-13T02:22:45","guid":{"rendered":"http:\/\/blitzconquista.com.br\/new\/?p=26651"},"modified":"2014-08-12T23:22:45","modified_gmt":"2014-08-13T02:22:45","slug":"a-escola-vai-ao-cinema-uesb-realiza-programacao-especial-para-semana-do-estudante","status":"publish","type":"post","link":"http:\/\/blitzconquista.com.br\/?p=26651","title":{"rendered":"A escola vai ao cinema: UESB realiza programa\u00e7\u00e3o especial para semana do estudante"},"content":{"rendered":"<p>Na semana que celebra o dia nacional do Estudante, a Uesb recebe a visita de mais de 300 alunos de escolas p\u00fablicas municipais de Vit\u00f3ria da Conquista. A programa\u00e7\u00e3o iniciou dia 11 e segue at\u00e9 o dia 14, na pr\u00f3xima quinta-feira. As sess\u00f5es acontecem no Teatro Glauber Rocha, \u00e0s 19 horas, e no dia 14 ser\u00e1 \u00e0s 14 horas. O Programa Janela Indiscreta Cine V\u00eddeo recepciona os estudantes com tr\u00eas sess\u00f5es especiais de cinema. A atividade, que faz parte da a\u00e7\u00e3o \u201cO que se aprende com o cinema: saberes e fazeres na rela\u00e7\u00e3o cinema-educa\u00e7\u00e3o\u201d, proporcionar\u00e1 aos estudantes um momento de lazer em comemora\u00e7\u00e3o ao seu dia, al\u00e9m de reflex\u00e3o, a partir da aprecia\u00e7\u00e3o do document\u00e1rio \u201cPro dia nascer feliz\u201d (2006), do diretor Jo\u00e3o Jardim, e de uma sele\u00e7\u00e3o de curtas-metragens nacionais, seguida de coment\u00e1rio.<\/p>\n","protected":false},"excerpt":{"rendered":"<p>Na semana que celebra o dia nacional do Estudante, a Uesb recebe a visita de mais de 300 alunos de escolas p\u00fablicas municipais de Vit\u00f3ria da Conquista. A programa\u00e7\u00e3o iniciou dia 11 e segue at\u00e9 o dia 14, na pr\u00f3xima quinta-feira. As sess\u00f5es acontecem no Teatro Glauber Rocha, \u00e0s 19 horas, e no dia 14 [&hellip;]<\/p>\n","protected":false},"author":1,"featured_media":24315,"comment_status":"open","ping_status":"closed","sticky":false,"template":"","format":"standard","meta":[],"categories":[28],"tags":[],"_links":{"self":[{"href":"http:\/\/blitzconquista.com.br\/index.php?rest_route=\/wp\/v2\/posts\/26651"}],"collection":[{"href":"http:\/\/blitzconquista.com.br\/index.php?rest_route=\/wp\/v2\/posts"}],"about":[{"href":"http:\/\/blitzconquista.com.br\/index.php?rest_route=\/wp\/v2\/types\/post"}],"author":[{"embeddable":true,"href":"http:\/\/blitzconquista.com.br\/index.php?rest_route=\/wp\/v2\/users\/1"}],"replies":[{"embeddable":true,"href":"http:\/\/blitzconquista.com.br\/index.php?rest_route=%2Fwp%2Fv2%2Fcomments&post=26651"}],"version-history":[{"count":0,"href":"http:\/\/blitzconquista.com.br\/index.php?rest_route=\/wp\/v2\/posts\/26651\/revisions"}],"wp:featuredmedia":[{"embeddable":true,"href":"http:\/\/blitzconquista.com.br\/index.php?rest_route=\/"}],"wp:attachment":[{"href":"http:\/\/blitzconquista.com.br\/index.php?rest_route=%2Fwp%2Fv2%2Fmedia&parent=26651"}],"wp:term":[{"taxonomy":"category","embeddable":true,"href":"http:\/\/blitzconquista.com.br\/index.php?rest_route=%2Fwp%2Fv2%2Fcategories&post=26651"},{"taxonomy":"post_tag","embeddable":true,"href":"http:\/\/blitzconquista.com.br\/index.php?rest_route=%2Fwp%2Fv2%2Ftags&post=26651"}],"curies":[{"name":"wp","href":"https:\/\/api.w.org\/{rel}","templated":true}]}}