{"id":27572,"date":"2014-08-31T22:36:32","date_gmt":"2014-09-01T01:36:32","guid":{"rendered":"http:\/\/blitzconquista.com.br\/new\/?p=27572"},"modified":"2014-08-31T22:36:32","modified_gmt":"2014-09-01T01:36:32","slug":"organizada-canta-macaco-imundo-e-e-vaiada-pelos-proprios-gremistas","status":"publish","type":"post","link":"http:\/\/blitzconquista.com.br\/?p=27572","title":{"rendered":"Organizada canta &#8216;macaco imundo&#8217; e \u00e9 vaiada pelos pr\u00f3prios gremistas"},"content":{"rendered":"<p>&#8220;Uma das organizadas do Gr\u00eamio ignorou os v\u00e1rios protestos feitos pelos pr\u00f3prios torcedores tricolores contra o racismo neste domingo, durante vit\u00f3ria contra o Bahia por 1 a 0. No intervalo, a Geral cantou trecho de m\u00fasica com uma parte que diz &#8220;chora, macaco imundo&#8221; e acabou vaiada pelos demais.<\/p>\n<p>&#8220;Hoje uma fac\u00e7\u00e3o da torcida praticamente acaba com a tese do gr\u00eamio &#8211; tese de defesa no julgamento do stjd &#8211; parece que propositadamente querem prejudicar o julgamento de quarta feira. Que gremista \u00e9 esse, que torcedor \u00e9 esse que vem ao est\u00e1dio para prejudicar seu clube? Que provid\u00eancias maiores temos que tomar para que a hist\u00f3ria n\u00e3o se repita? Eu n\u00e3o sei&#8221;, desabafou o presidente F\u00e1bio Koff.<\/p>\n<p>Os torcedores cantaram o trecho no final do primeiro tempo na \u00e1rea em que fica a torcida Geral do Gr\u00eamio, enquanto a outra parte da Arena n\u00e3o poupou vaias.<\/p>\n<p>Curiosamente, a Torcida Jovem e a Gr\u00eamio Libertador tinham anunciado que n\u00e3o iriam mais usar a palavra &#8220;macaco&#8221; em seus c\u00e2nticos &#8211; esse \u00e9 o jeito que eles geralmente se referem, de forma pejorativa, ao arquirrival Internacional.<\/p>\n<p>&#8220;Estamos \u00e0 beira de um julgamento que pode excluir o Gr\u00eamio de uma competi\u00e7\u00e3o. Vamos ver se identificamos os torcedores de hoje tamb\u00e9m e exclu\u00edmos do est\u00e1dio&#8221;, continuou o dirigente.<\/p>\n<p>Antes e durante o confronto com o Bahia, a Arena Gr\u00eamio tinha faixas, cartazes e publica\u00e7\u00e3o no tel\u00e3o contra o racismo, depois de um grupo de torcedores ter xingado o santista aranha de macaco na \u00faltima quinta-feira, pela Copa do Brasil.<\/p>\n<p>Na pr\u00f3xima quarta, o clube ga\u00facho ser\u00e1 julgado pelo STJD e pode at\u00e9 ser exclu\u00eddo da competi\u00e7\u00e3o nacional.<\/p>\n<p><img decoding=\"async\" loading=\"lazy\" class=\"alignnone  wp-image-24642\" src=\"http:\/\/blitzconquista.com.br\/new\/wp-content\/uploads\/2014\/06\/espn.jpg\" alt=\"espn\" width=\"86\" height=\"29\" \/><\/p>\n","protected":false},"excerpt":{"rendered":"<p>&#8220;Uma das organizadas do Gr\u00eamio ignorou os v\u00e1rios protestos feitos pelos pr\u00f3prios torcedores tricolores contra o racismo neste domingo, durante vit\u00f3ria contra o Bahia por 1 a 0. No intervalo, a Geral cantou trecho de m\u00fasica com uma parte que diz &#8220;chora, macaco imundo&#8221; e acabou vaiada pelos demais. &#8220;Hoje uma fac\u00e7\u00e3o da torcida praticamente [&hellip;]<\/p>\n","protected":false},"author":1,"featured_media":27573,"comment_status":"open","ping_status":"closed","sticky":false,"template":"","format":"standard","meta":[],"categories":[1],"tags":[],"_links":{"self":[{"href":"http:\/\/blitzconquista.com.br\/index.php?rest_route=\/wp\/v2\/posts\/27572"}],"collection":[{"href":"http:\/\/blitzconquista.com.br\/index.php?rest_route=\/wp\/v2\/posts"}],"about":[{"href":"http:\/\/blitzconquista.com.br\/index.php?rest_route=\/wp\/v2\/types\/post"}],"author":[{"embeddable":true,"href":"http:\/\/blitzconquista.com.br\/index.php?rest_route=\/wp\/v2\/users\/1"}],"replies":[{"embeddable":true,"href":"http:\/\/blitzconquista.com.br\/index.php?rest_route=%2Fwp%2Fv2%2Fcomments&post=27572"}],"version-history":[{"count":0,"href":"http:\/\/blitzconquista.com.br\/index.php?rest_route=\/wp\/v2\/posts\/27572\/revisions"}],"wp:featuredmedia":[{"embeddable":true,"href":"http:\/\/blitzconquista.com.br\/index.php?rest_route=\/"}],"wp:attachment":[{"href":"http:\/\/blitzconquista.com.br\/index.php?rest_route=%2Fwp%2Fv2%2Fmedia&parent=27572"}],"wp:term":[{"taxonomy":"category","embeddable":true,"href":"http:\/\/blitzconquista.com.br\/index.php?rest_route=%2Fwp%2Fv2%2Fcategories&post=27572"},{"taxonomy":"post_tag","embeddable":true,"href":"http:\/\/blitzconquista.com.br\/index.php?rest_route=%2Fwp%2Fv2%2Ftags&post=27572"}],"curies":[{"name":"wp","href":"https:\/\/api.w.org\/{rel}","templated":true}]}}