{"id":27745,"date":"2014-09-04T15:15:49","date_gmt":"2014-09-04T18:15:49","guid":{"rendered":"http:\/\/blitzconquista.com.br\/new\/?p=27745"},"modified":"2014-09-04T15:15:49","modified_gmt":"2014-09-04T18:15:49","slug":"apos-protestos-embasa-emite-nota-informando-que-abastecimento-esta-em-processo-de-regularizacao","status":"publish","type":"post","link":"http:\/\/blitzconquista.com.br\/?p=27745","title":{"rendered":"Ap\u00f3s protestos, Embasa emite nota informando que abastecimento est\u00e1 em processo de regulariza\u00e7\u00e3o"},"content":{"rendered":"<p>Um dia ap\u00f3s o protesto dos moradores dos bairros Patag\u00f4nia e Kadija, por causa da falta de \u00e1gua h\u00e1 15 dias, a Embasa emitiu uma nota, nesta quinta-feira, 04, informando sobre a regulariza\u00e7\u00e3o do servi\u00e7o em alguns bairros da cidade.<\/p>\n<figure id=\"attachment_27747\" aria-describedby=\"caption-attachment-27747\" style=\"width: 251px\" class=\"wp-caption alignright\"><img decoding=\"async\" loading=\"lazy\" class=\"wp-image-27747\" src=\"http:\/\/blitzconquista.com.br\/new\/wp-content\/uploads\/2014\/09\/IMG-20140903-WA0018.jpg\" alt=\"IMG-20140903-WA0018\" width=\"251\" height=\"166\" \/><figcaption id=\"caption-attachment-27747\" class=\"wp-caption-text\"><em>Moradores mostram as contas de \u00e1gua, em protesto contra a falta de \u00e1gua a cerca de 15 dias nos bairros.<\/em><\/figcaption><\/figure>\n<p>Leia a nota na \u00edntegra:<\/p>\n<p><em>A Embasa &#8211; Empresa Baiana de \u00c1guas e Saneamento\u00a0 informa que o abastecimento de \u00e1gua est\u00e1 sendo regularizado gradativamente ap\u00f3s a recupera\u00e7\u00e3o dos equipamentos afetados pela falha no fornecimento de energia el\u00e9trica na esta\u00e7\u00e3o de tratamento no \u00faltimo fim de semana e, neste momento, trabalham com pot\u00eancia m\u00e1xima.<\/em><\/p>\n<p><em>A Embasa esclarece ainda que os bairros Patag\u00f4nia, Kadija, Cidade Modelo, Campinhos, Sim\u00e3o, Santa Terezinha, Jardim Val\u00e9ria s\u00e3o atendidos pela mesma rede que foi afetada na \u00faltima semana e, por conta disso, algumas ruas ainda est\u00e3o em processo de regulariza\u00e7\u00e3o.<\/em><\/p>\n<p><em>Assessoria de Comunica\u00e7\u00e3o Embasa<\/em><\/p>\n","protected":false},"excerpt":{"rendered":"<p>Um dia ap\u00f3s o protesto dos moradores dos bairros Patag\u00f4nia e Kadija, por causa da falta de \u00e1gua h\u00e1 15 dias, a Embasa emitiu uma nota, nesta quinta-feira, 04, informando sobre a regulariza\u00e7\u00e3o do servi\u00e7o em alguns bairros da cidade. Leia a nota na \u00edntegra: A Embasa &#8211; Empresa Baiana de \u00c1guas e Saneamento\u00a0 informa [&hellip;]<\/p>\n","protected":false},"author":1,"featured_media":27746,"comment_status":"open","ping_status":"closed","sticky":false,"template":"","format":"standard","meta":[],"categories":[4],"tags":[],"_links":{"self":[{"href":"http:\/\/blitzconquista.com.br\/index.php?rest_route=\/wp\/v2\/posts\/27745"}],"collection":[{"href":"http:\/\/blitzconquista.com.br\/index.php?rest_route=\/wp\/v2\/posts"}],"about":[{"href":"http:\/\/blitzconquista.com.br\/index.php?rest_route=\/wp\/v2\/types\/post"}],"author":[{"embeddable":true,"href":"http:\/\/blitzconquista.com.br\/index.php?rest_route=\/wp\/v2\/users\/1"}],"replies":[{"embeddable":true,"href":"http:\/\/blitzconquista.com.br\/index.php?rest_route=%2Fwp%2Fv2%2Fcomments&post=27745"}],"version-history":[{"count":0,"href":"http:\/\/blitzconquista.com.br\/index.php?rest_route=\/wp\/v2\/posts\/27745\/revisions"}],"wp:featuredmedia":[{"embeddable":true,"href":"http:\/\/blitzconquista.com.br\/index.php?rest_route=\/"}],"wp:attachment":[{"href":"http:\/\/blitzconquista.com.br\/index.php?rest_route=%2Fwp%2Fv2%2Fmedia&parent=27745"}],"wp:term":[{"taxonomy":"category","embeddable":true,"href":"http:\/\/blitzconquista.com.br\/index.php?rest_route=%2Fwp%2Fv2%2Fcategories&post=27745"},{"taxonomy":"post_tag","embeddable":true,"href":"http:\/\/blitzconquista.com.br\/index.php?rest_route=%2Fwp%2Fv2%2Ftags&post=27745"}],"curies":[{"name":"wp","href":"https:\/\/api.w.org\/{rel}","templated":true}]}}