{"id":27789,"date":"2014-09-05T15:56:22","date_gmt":"2014-09-05T18:56:22","guid":{"rendered":"http:\/\/blitzconquista.com.br\/new\/?p=27789"},"modified":"2014-09-05T15:56:22","modified_gmt":"2014-09-05T18:56:22","slug":"neste-fim-de-semana-acontece-a-feira-de-artesanato-cor-arte-na-praca","status":"publish","type":"post","link":"http:\/\/blitzconquista.com.br\/?p=27789","title":{"rendered":"Neste fim de semana acontece a Feira de Artesanato COR &#038; ARTE na Pra\u00e7a"},"content":{"rendered":"<p>A 3\u00aa edi\u00e7\u00e3o da Feira de Artesanato COR &amp; ARTE na Pra\u00e7a acontece neste fim de semana na Pra\u00e7a Guadalajara (conhecida como Pra\u00e7a da Escola Normal), das 9h \u00e0s 19h.<br \/>\nA feira re\u00fane o melhor do artesanato de Conquista e Regi\u00e3o como: patchwork, artes pl\u00e1sticas, bijuterias, artesanato infantil, velas, objetos de decora\u00e7\u00e3o para ambientes internos e paisagismo, m\u00f3veis r\u00fasticos, cer\u00e2micas e muito mais!<br \/>\nAl\u00e9m de expor produtos exclusivos e de fino acabamento, a Feira de Artesanato COR &amp; ARTE tem o objetivo de contribuir com a revitaliza\u00e7\u00e3o da tradicional Pra\u00e7a da Escola Normal, promovendo mais uma op\u00e7\u00e3o de lazer para as fam\u00edlias.<br \/>\nRealizada em um final de semana por m\u00eas, a Feira de Artesanato COR &amp; ARTE na Pra\u00e7a \u00e9 uma iniciativa de um grupo de Artes\u00e3os de Vit\u00f3ria da Conquista, mas conta com a participa\u00e7\u00e3o de Artes\u00e3os de v\u00e1rias cidades da Regi\u00e3o Sudoeste.<br \/>\nPor Analice Vieira<\/p>\n<p><img decoding=\"async\" loading=\"lazy\" class=\"size-full wp-image-27791 aligncenter\" src=\"http:\/\/blitzconquista.com.br\/new\/wp-content\/uploads\/2014\/09\/Feira-COR-ARTE.jpg\" alt=\"Feira-COR-ARTE\" width=\"566\" height=\"813\" \/><\/p>\n","protected":false},"excerpt":{"rendered":"<p>A 3\u00aa edi\u00e7\u00e3o da Feira de Artesanato COR &amp; ARTE na Pra\u00e7a acontece neste fim de semana na Pra\u00e7a Guadalajara (conhecida como Pra\u00e7a da Escola Normal), das 9h \u00e0s 19h. A feira re\u00fane o melhor do artesanato de Conquista e Regi\u00e3o como: patchwork, artes pl\u00e1sticas, bijuterias, artesanato infantil, velas, objetos de decora\u00e7\u00e3o para ambientes internos [&hellip;]<\/p>\n","protected":false},"author":1,"featured_media":27790,"comment_status":"open","ping_status":"closed","sticky":false,"template":"","format":"standard","meta":[],"categories":[4],"tags":[],"_links":{"self":[{"href":"http:\/\/blitzconquista.com.br\/index.php?rest_route=\/wp\/v2\/posts\/27789"}],"collection":[{"href":"http:\/\/blitzconquista.com.br\/index.php?rest_route=\/wp\/v2\/posts"}],"about":[{"href":"http:\/\/blitzconquista.com.br\/index.php?rest_route=\/wp\/v2\/types\/post"}],"author":[{"embeddable":true,"href":"http:\/\/blitzconquista.com.br\/index.php?rest_route=\/wp\/v2\/users\/1"}],"replies":[{"embeddable":true,"href":"http:\/\/blitzconquista.com.br\/index.php?rest_route=%2Fwp%2Fv2%2Fcomments&post=27789"}],"version-history":[{"count":0,"href":"http:\/\/blitzconquista.com.br\/index.php?rest_route=\/wp\/v2\/posts\/27789\/revisions"}],"wp:featuredmedia":[{"embeddable":true,"href":"http:\/\/blitzconquista.com.br\/index.php?rest_route=\/"}],"wp:attachment":[{"href":"http:\/\/blitzconquista.com.br\/index.php?rest_route=%2Fwp%2Fv2%2Fmedia&parent=27789"}],"wp:term":[{"taxonomy":"category","embeddable":true,"href":"http:\/\/blitzconquista.com.br\/index.php?rest_route=%2Fwp%2Fv2%2Fcategories&post=27789"},{"taxonomy":"post_tag","embeddable":true,"href":"http:\/\/blitzconquista.com.br\/index.php?rest_route=%2Fwp%2Fv2%2Ftags&post=27789"}],"curies":[{"name":"wp","href":"https:\/\/api.w.org\/{rel}","templated":true}]}}