{"id":27799,"date":"2014-09-06T00:03:51","date_gmt":"2014-09-06T03:03:51","guid":{"rendered":"http:\/\/blitzconquista.com.br\/new\/?p=27799"},"modified":"2014-09-06T00:03:51","modified_gmt":"2014-09-06T03:03:51","slug":"gremio-pede-efeito-suspensivo-e-tenta-paralisar-a-copa-do-brasil-38","status":"publish","type":"post","link":"http:\/\/blitzconquista.com.br\/?p=27799","title":{"rendered":"Gr\u00eamio pede efeito suspensivo e tenta paralisar a Copa do Brasil 38"},"content":{"rendered":"<p>O Gr\u00eamio entrou, na noite desta sexta-feira, com recurso no STJD e pedido de efeito suspensivo para anular a pena imposta em primeira inst\u00e2ncia que excluiu o clube da Copa do Brasil por conta dos atos racistas contra o goleiro Aranha, do Santos, no \u00faltimo dia 28. A ideia do clube \u00e9 n\u00e3o deixar a competi\u00e7\u00e3o seguir at\u00e9 a segunda inst\u00e2ncia em julgamento no Pleno que ainda n\u00e3o est\u00e1 marcado.<\/p>\n<p>O clube esperou o recebimento do ac\u00f3rd\u00e3o e entrou no in\u00edcio da noite com os pedidos no STJD. O recurso era algo anunciado pelos advogados gremistas t\u00e3o logo o primeiro julgamento foi encerrado.<\/p>\n<p>A ideia \u00e9 parar sorteios de arbitragem e demais quest\u00f5es referentes a Copa do Brasil at\u00e9 que a chave de Gr\u00eamio e Santos esteja decidida, seja por jogo ou ainda pela exclus\u00e3o do clube. Se o pedido for deferido, a pena inicial \u00e9 anulada at\u00e9 o segundo julgamento, que ser\u00e1 marcado pelo Tribunal.<\/p>\n<p>Em primeira inst\u00e2ncia, o Gr\u00eamio foi considerado culpado pelos atos racistas de alguns torcedores no duelo de ida das oitavas de final, na Arena. Na ocasi\u00e3o, um grupo chamou o goleiro Aranha de &#8216;macaco&#8217; durante o segundo tempo do duelo, vencido pelo alvinegro do litoral paulista por 2 a 0. Al\u00e9m disso, foi imposta ao Gr\u00eamio uma multa de R$ 54 mil.<\/p>\n<p>As alega\u00e7\u00f5es gremistas s\u00e3o que o clube faz campanhas repetidas para coibir a discrimina\u00e7\u00e3o e que identificou e puniu os respons\u00e1veis por tais atos. Al\u00e9m de ter entregue \u00e0 pol\u00edcia imagens do sistema interno de c\u00e2meras do est\u00e1dio que auxiliaram na investiga\u00e7\u00e3o policial.<\/p>\n<p><strong>Pol\u00edcia j\u00e1 ouviu 10 pessoas<\/strong><\/p>\n<p>A Pol\u00edcia Civil de Porto Alegre j\u00e1 ouviu 10 pessoas no caso de inj\u00faria racial contra o goleiro Aranha, do Santos. A principal investigada no caso, Patr\u00edcia Moreira, flagrada pelas c\u00e2meras de transmiss\u00e3o do jogo chamando o camisa 1 santista de &#8216;macaco&#8217;, concedeu entrevista nesta sexta e pediu perd\u00e3o. Ela havia prestado depoimento na quinta-feira.<\/p>\n<p>Segundo o comiss\u00e1rio Lindomar Souza, j\u00e1 h\u00e1 raz\u00f5es suficientes para indiciar alguns torcedores gremistas. A pena por inj\u00faria racial \u00e9 de 1 a 3 anos de deten\u00e7\u00e3o, mas cabe pagamento de fian\u00e7a. <em>*Uol<\/em><\/p>\n","protected":false},"excerpt":{"rendered":"<p>O Gr\u00eamio entrou, na noite desta sexta-feira, com recurso no STJD e pedido de efeito suspensivo para anular a pena imposta em primeira inst\u00e2ncia que excluiu o clube da Copa do Brasil por conta dos atos racistas contra o goleiro Aranha, do Santos, no \u00faltimo dia 28. A ideia do clube \u00e9 n\u00e3o deixar a [&hellip;]<\/p>\n","protected":false},"author":1,"featured_media":27800,"comment_status":"open","ping_status":"closed","sticky":false,"template":"","format":"standard","meta":[],"categories":[1],"tags":[],"_links":{"self":[{"href":"http:\/\/blitzconquista.com.br\/index.php?rest_route=\/wp\/v2\/posts\/27799"}],"collection":[{"href":"http:\/\/blitzconquista.com.br\/index.php?rest_route=\/wp\/v2\/posts"}],"about":[{"href":"http:\/\/blitzconquista.com.br\/index.php?rest_route=\/wp\/v2\/types\/post"}],"author":[{"embeddable":true,"href":"http:\/\/blitzconquista.com.br\/index.php?rest_route=\/wp\/v2\/users\/1"}],"replies":[{"embeddable":true,"href":"http:\/\/blitzconquista.com.br\/index.php?rest_route=%2Fwp%2Fv2%2Fcomments&post=27799"}],"version-history":[{"count":0,"href":"http:\/\/blitzconquista.com.br\/index.php?rest_route=\/wp\/v2\/posts\/27799\/revisions"}],"wp:featuredmedia":[{"embeddable":true,"href":"http:\/\/blitzconquista.com.br\/index.php?rest_route=\/"}],"wp:attachment":[{"href":"http:\/\/blitzconquista.com.br\/index.php?rest_route=%2Fwp%2Fv2%2Fmedia&parent=27799"}],"wp:term":[{"taxonomy":"category","embeddable":true,"href":"http:\/\/blitzconquista.com.br\/index.php?rest_route=%2Fwp%2Fv2%2Fcategories&post=27799"},{"taxonomy":"post_tag","embeddable":true,"href":"http:\/\/blitzconquista.com.br\/index.php?rest_route=%2Fwp%2Fv2%2Ftags&post=27799"}],"curies":[{"name":"wp","href":"https:\/\/api.w.org\/{rel}","templated":true}]}}