{"id":27826,"date":"2014-09-07T15:51:31","date_gmt":"2014-09-07T18:51:31","guid":{"rendered":"http:\/\/blitzconquista.com.br\/new\/?p=27826"},"modified":"2014-09-07T15:51:31","modified_gmt":"2014-09-07T18:51:31","slug":"centro-de-comercio-popular-prefeitura-municipal-urbaniza-area-externa","status":"publish","type":"post","link":"http:\/\/blitzconquista.com.br\/?p=27826","title":{"rendered":"Centro de Com\u00e9rcio Popular: Prefeitura Municipal urbaniza \u00e1rea externa"},"content":{"rendered":"<p>As obras do Centro de Com\u00e9rcio Popular est\u00e3o em ritmo acelerado, inclusive a parte de urbaniza\u00e7\u00e3o da \u00e1rea externa. Nesta sexta-feira, 5, a Prefeitura de Vit\u00f3ria da Conquista, por meio das secretarias municipais de Mobilidade e de Infraestrutura Urbana, est\u00e1 trabalhando no recapeamento asf\u00e1ltico e na implanta\u00e7\u00e3o de passeios nas \u00e1reas pr\u00f3ximas ao espa\u00e7o.<br \/>\nEst\u00e3o sendo beneficiadas as ruas Marta Vasconcelos e Ot\u00e1vio Mangabeira e um trecho localizado no entorno da Pra\u00e7a Arlindo Rodrigues.<\/p>\n<figure style=\"width: 153px\" class=\"wp-caption alignright\"><img decoding=\"async\" loading=\"lazy\" src=\"http:\/\/www.pmvc.ba.gov.br\/v2\/wp-content\/uploads\/SEC_6922-264x399.jpg\" alt=\"\" width=\"153\" height=\"231\" \/><figcaption class=\"wp-caption-text\"><em>Claudionor Hip\u00f3lito<\/em><\/figcaption><\/figure>\n<p>Os comerciantes do local comemoraram as interven\u00e7\u00f5es. Para Claudionor Hip\u00f3lito, essa \u00e9 mais uma demonstra\u00e7\u00e3o de que Vit\u00f3ria da Conquista est\u00e1 em ascens\u00e3o. \u201cA minha opini\u00e3o sobre essa obra \u00e9 a melhor poss\u00edvel, pois est\u00e1 uma maravilha, e a pra\u00e7a, com esse pr\u00e9dio, ficou muito bonita\u201d, opinou.<\/p>\n<figure style=\"width: 155px\" class=\"wp-caption alignleft\"><img decoding=\"async\" loading=\"lazy\" src=\"http:\/\/www.pmvc.ba.gov.br\/v2\/wp-content\/uploads\/SEC_6921-264x399.jpg\" alt=\"\" width=\"155\" height=\"234\" \/><figcaption class=\"wp-caption-text\"><em>Ul\u00edcio Oliveira<\/em><\/figcaption><\/figure>\n<p>E Ul\u00edcio Oliveira, que h\u00e1 dez anos tem um com\u00e9rcio no entorno da pra\u00e7a, completou: \u201cEssa pavimenta\u00e7\u00e3o vai melhorar n\u00e3o somente para n\u00f3s que temos com\u00e9rcio, mas para todas as pessoas que passam por aqui. Vai facilitar muito o acesso\u201d, concluiu.<\/p>\n<p style=\"text-align: justify;\">O Centro de Com\u00e9rcio Popular conta com \u00e1rea constru\u00edda de 2 mil m\u00b2. Al\u00e9m de mais de 300 boxes, o espa\u00e7o conta com \u00e1reas de circula\u00e7\u00e3o e servi\u00e7o, sanit\u00e1rios, escadarias e rampas de acesso. O equipamento proporcionar\u00e1 melhores condi\u00e7\u00f5es de trabalho, tanto para os comerciantes quanto para os clientes, e fomentar\u00e1 a formaliza\u00e7\u00e3o do trabalho dos permission\u00e1rios, que atuavam na antiga \u00e1rea conhecida como \u201cFeira do Paraguai\u201d e na Pra\u00e7a da Bandeira. *Secom<\/p>\n","protected":false},"excerpt":{"rendered":"<p>As obras do Centro de Com\u00e9rcio Popular est\u00e3o em ritmo acelerado, inclusive a parte de urbaniza\u00e7\u00e3o da \u00e1rea externa. Nesta sexta-feira, 5, a Prefeitura de Vit\u00f3ria da Conquista, por meio das secretarias municipais de Mobilidade e de Infraestrutura Urbana, est\u00e1 trabalhando no recapeamento asf\u00e1ltico e na implanta\u00e7\u00e3o de passeios nas \u00e1reas pr\u00f3ximas ao espa\u00e7o. Est\u00e3o [&hellip;]<\/p>\n","protected":false},"author":1,"featured_media":27827,"comment_status":"open","ping_status":"closed","sticky":false,"template":"","format":"standard","meta":[],"categories":[4],"tags":[],"_links":{"self":[{"href":"http:\/\/blitzconquista.com.br\/index.php?rest_route=\/wp\/v2\/posts\/27826"}],"collection":[{"href":"http:\/\/blitzconquista.com.br\/index.php?rest_route=\/wp\/v2\/posts"}],"about":[{"href":"http:\/\/blitzconquista.com.br\/index.php?rest_route=\/wp\/v2\/types\/post"}],"author":[{"embeddable":true,"href":"http:\/\/blitzconquista.com.br\/index.php?rest_route=\/wp\/v2\/users\/1"}],"replies":[{"embeddable":true,"href":"http:\/\/blitzconquista.com.br\/index.php?rest_route=%2Fwp%2Fv2%2Fcomments&post=27826"}],"version-history":[{"count":0,"href":"http:\/\/blitzconquista.com.br\/index.php?rest_route=\/wp\/v2\/posts\/27826\/revisions"}],"wp:featuredmedia":[{"embeddable":true,"href":"http:\/\/blitzconquista.com.br\/index.php?rest_route=\/"}],"wp:attachment":[{"href":"http:\/\/blitzconquista.com.br\/index.php?rest_route=%2Fwp%2Fv2%2Fmedia&parent=27826"}],"wp:term":[{"taxonomy":"category","embeddable":true,"href":"http:\/\/blitzconquista.com.br\/index.php?rest_route=%2Fwp%2Fv2%2Fcategories&post=27826"},{"taxonomy":"post_tag","embeddable":true,"href":"http:\/\/blitzconquista.com.br\/index.php?rest_route=%2Fwp%2Fv2%2Ftags&post=27826"}],"curies":[{"name":"wp","href":"https:\/\/api.w.org\/{rel}","templated":true}]}}