{"id":27830,"date":"2014-09-07T15:58:43","date_gmt":"2014-09-07T18:58:43","guid":{"rendered":"http:\/\/blitzconquista.com.br\/new\/?p=27830"},"modified":"2014-09-07T15:58:43","modified_gmt":"2014-09-07T18:58:43","slug":"foi-indisciplina-diz-gilmar-rinaldi-sobre-corte-de-maicon","status":"publish","type":"post","link":"http:\/\/blitzconquista.com.br\/?p=27830","title":{"rendered":"&#8216;Foi indisciplina&#8217;, diz Gilmar Rinaldi, sobre corte de Maicon"},"content":{"rendered":"<p>A CBF anunciou no in\u00edcio desta tarde o delisgamento de Maicon da sele\u00e7\u00e3o brasileira, em Miami. Sem dar mais explica\u00e7\u00f5es, Gilmar Rinaldi, coordenador t\u00e9cnico, apenas afirmou que problemas internos resultaram na decis\u00e3o do corte e disse que ningu\u00e9m mais do Brasil comentaria o assunto.<\/p>\n<p>Minutos depois, no lobby do hotel, Gilmar disse: &#8220;Foi indisciplina, sim&#8221;, em contato com a reportagem. &#8220;N\u00e3o foi nada m\u00e9dico e foi indisciplina. N\u00e3o posso falar mais nada&#8221; e apenas concordou com a cabe\u00e7a quando foi perguntado se o assunto era muito s\u00e9rio.<\/p>\n<p>A primeira crise da &#8216;nova&#8217; sele\u00e7\u00e3o brasileira veio um dia ap\u00f3s a folga da sele\u00e7\u00e3o brasileira depois da vit\u00f3ria sobre a Col\u00f4mbia por 1 a 0, quando Maicon come\u00e7ou jogando e fez sua 72\u00b0 partida pelo Brasil.<\/p>\n<p>Maicon, de 33 anos, era um dos homens de confian\u00e7a de Dunga para a reformula\u00e7\u00e3o da equipe e foi um dos remanescentes da \u00faltima Copa do Mundo, quando o atleta ganhou a vaga na equipe titular no decorrer da competi\u00e7\u00e3o. O lateral direito participou de seu primeiro Mundial em 2010, quando o pr\u00f3prio Dunga comandava o Brasil.<\/p>\n<p>No lugar dele, Fabinho, lateral direito do Monaco, da Fran\u00e7a, foi convocado para a lateral direita. O jogador estava com a sele\u00e7\u00e3o ol\u00edmpica, treinada por Gallo, no Catar, para uma s\u00e9rie de amistosos preparat\u00f3rios.<\/p>\n<p><img decoding=\"async\" loading=\"lazy\" class=\"alignnone  wp-image-24642\" src=\"http:\/\/blitzconquista.com.br\/new\/wp-content\/uploads\/2014\/06\/espn.jpg\" alt=\"espn\" width=\"83\" height=\"28\" \/><\/p>\n","protected":false},"excerpt":{"rendered":"<p>A CBF anunciou no in\u00edcio desta tarde o delisgamento de Maicon da sele\u00e7\u00e3o brasileira, em Miami. Sem dar mais explica\u00e7\u00f5es, Gilmar Rinaldi, coordenador t\u00e9cnico, apenas afirmou que problemas internos resultaram na decis\u00e3o do corte e disse que ningu\u00e9m mais do Brasil comentaria o assunto. Minutos depois, no lobby do hotel, Gilmar disse: &#8220;Foi indisciplina, sim&#8221;, [&hellip;]<\/p>\n","protected":false},"author":1,"featured_media":27831,"comment_status":"open","ping_status":"closed","sticky":false,"template":"","format":"standard","meta":[],"categories":[1],"tags":[],"_links":{"self":[{"href":"http:\/\/blitzconquista.com.br\/index.php?rest_route=\/wp\/v2\/posts\/27830"}],"collection":[{"href":"http:\/\/blitzconquista.com.br\/index.php?rest_route=\/wp\/v2\/posts"}],"about":[{"href":"http:\/\/blitzconquista.com.br\/index.php?rest_route=\/wp\/v2\/types\/post"}],"author":[{"embeddable":true,"href":"http:\/\/blitzconquista.com.br\/index.php?rest_route=\/wp\/v2\/users\/1"}],"replies":[{"embeddable":true,"href":"http:\/\/blitzconquista.com.br\/index.php?rest_route=%2Fwp%2Fv2%2Fcomments&post=27830"}],"version-history":[{"count":0,"href":"http:\/\/blitzconquista.com.br\/index.php?rest_route=\/wp\/v2\/posts\/27830\/revisions"}],"wp:featuredmedia":[{"embeddable":true,"href":"http:\/\/blitzconquista.com.br\/index.php?rest_route=\/"}],"wp:attachment":[{"href":"http:\/\/blitzconquista.com.br\/index.php?rest_route=%2Fwp%2Fv2%2Fmedia&parent=27830"}],"wp:term":[{"taxonomy":"category","embeddable":true,"href":"http:\/\/blitzconquista.com.br\/index.php?rest_route=%2Fwp%2Fv2%2Fcategories&post=27830"},{"taxonomy":"post_tag","embeddable":true,"href":"http:\/\/blitzconquista.com.br\/index.php?rest_route=%2Fwp%2Fv2%2Ftags&post=27830"}],"curies":[{"name":"wp","href":"https:\/\/api.w.org\/{rel}","templated":true}]}}