{"id":27851,"date":"2014-09-07T23:41:47","date_gmt":"2014-09-08T02:41:47","guid":{"rendered":"http:\/\/blitzconquista.com.br\/new\/?p=27851"},"modified":"2014-09-07T23:41:47","modified_gmt":"2014-09-08T02:41:47","slug":"desfile-de-7-de-setembro-vitoria-da-conquista-comemora-os-192-anos-da-independencia-do-brasil","status":"publish","type":"post","link":"http:\/\/blitzconquista.com.br\/?p=27851","title":{"rendered":"Desfile de 7 de Setembro: Vit\u00f3ria da Conquista comemora os 192 anos da Independ\u00eancia do Brasil"},"content":{"rendered":"<div id=\"stcpDiv\">O 7 de Setembro \u00e9 a data magna do civismo para os brasileiros. Em comemora\u00e7\u00e3o deste dia, a Prefeitura de Vit\u00f3ria da Conquista realizou, na manh\u00e3 deste domingo, um grande desfile na Avenida Integra\u00e7\u00e3o. O festejo, que j\u00e1 \u00e9 tradi\u00e7\u00e3o no munic\u00edpio, reuniu milhares de pessoas, de todas as faixas et\u00e1rias, que desfilaram e acompanharam o cortejo que marcou os 192 anos de Independ\u00eancia do Brasil.<\/div>\n<div>\n<div id=\"stcpDiv\">\n<p>Representando a Administra\u00e7\u00e3o Municipal, estiveram presentes, no palanque oficial, o prefeito Guilherme Menezes, o vice-prefeito Jo\u00e1s Meira e secret\u00e1rios municipais, al\u00e9m de vereadores,\u00a0oficiais, entre outras autoridades.<\/p>\n<p><img decoding=\"async\" loading=\"lazy\" class=\"alignleft\" src=\"http:\/\/www.pmvc.ba.gov.br\/v2\/wp-content\/uploads\/SEC_7055.jpg\" alt=\"\" width=\"223\" height=\"146\" \/>Em sua fala, o prefeito Guilherme Menezes\u00a0contemplou a import\u00e2ncia de manter a tradi\u00e7\u00e3o do grande desfile que comemora a Independ\u00eancia do Brasil. \u201cA cada ano, aumenta a participa\u00e7\u00e3o das entidades civis, dos militares e das secretarias municipais\u201d afirmou o gestor, que ainda destacou: \u201c\u00c9 um momento de reflex\u00e3o e celebra\u00e7\u00e3o pela boa fase de desenvolvimento que o pa\u00eds est\u00e1 passando\u201d.<\/p>\n<div id=\"stcpDiv\">Para o l\u00edder do Governo na C\u00e2mara, Florisvaldo Bittencourt, o evento proporciona \u00e0 popula\u00e7\u00e3o um momento de encontro e resgate da sua pr\u00f3pria hist\u00f3ria. \u201cO desfile de 7 de Setembro \u00e9 um momento enriquecedor, em que boa parte dos conquistenses participa e celebra, junto, essa importante data\u201d, afirmou.<\/div>\n<div><\/div>\n<\/div>\n<\/div>\n","protected":false},"excerpt":{"rendered":"<p>O 7 de Setembro \u00e9 a data magna do civismo para os brasileiros. Em comemora\u00e7\u00e3o deste dia, a Prefeitura de Vit\u00f3ria da Conquista realizou, na manh\u00e3 deste domingo, um grande desfile na Avenida Integra\u00e7\u00e3o. O festejo, que j\u00e1 \u00e9 tradi\u00e7\u00e3o no munic\u00edpio, reuniu milhares de pessoas, de todas as faixas et\u00e1rias, que desfilaram e acompanharam [&hellip;]<\/p>\n","protected":false},"author":1,"featured_media":27852,"comment_status":"open","ping_status":"closed","sticky":false,"template":"","format":"standard","meta":[],"categories":[4],"tags":[],"_links":{"self":[{"href":"http:\/\/blitzconquista.com.br\/index.php?rest_route=\/wp\/v2\/posts\/27851"}],"collection":[{"href":"http:\/\/blitzconquista.com.br\/index.php?rest_route=\/wp\/v2\/posts"}],"about":[{"href":"http:\/\/blitzconquista.com.br\/index.php?rest_route=\/wp\/v2\/types\/post"}],"author":[{"embeddable":true,"href":"http:\/\/blitzconquista.com.br\/index.php?rest_route=\/wp\/v2\/users\/1"}],"replies":[{"embeddable":true,"href":"http:\/\/blitzconquista.com.br\/index.php?rest_route=%2Fwp%2Fv2%2Fcomments&post=27851"}],"version-history":[{"count":0,"href":"http:\/\/blitzconquista.com.br\/index.php?rest_route=\/wp\/v2\/posts\/27851\/revisions"}],"wp:featuredmedia":[{"embeddable":true,"href":"http:\/\/blitzconquista.com.br\/index.php?rest_route=\/"}],"wp:attachment":[{"href":"http:\/\/blitzconquista.com.br\/index.php?rest_route=%2Fwp%2Fv2%2Fmedia&parent=27851"}],"wp:term":[{"taxonomy":"category","embeddable":true,"href":"http:\/\/blitzconquista.com.br\/index.php?rest_route=%2Fwp%2Fv2%2Fcategories&post=27851"},{"taxonomy":"post_tag","embeddable":true,"href":"http:\/\/blitzconquista.com.br\/index.php?rest_route=%2Fwp%2Fv2%2Ftags&post=27851"}],"curies":[{"name":"wp","href":"https:\/\/api.w.org\/{rel}","templated":true}]}}