{"id":27867,"date":"2014-09-08T22:00:32","date_gmt":"2014-09-09T01:00:32","guid":{"rendered":"http:\/\/blitzconquista.com.br\/new\/?p=27867"},"modified":"2014-09-08T22:00:32","modified_gmt":"2014-09-09T01:00:32","slug":"encontro-municipal-de-oportunidade-de-negocios-sera-promovido-nos-dias-15-e-16-de-setembro","status":"publish","type":"post","link":"http:\/\/blitzconquista.com.br\/?p=27867","title":{"rendered":"Encontro Municipal de Oportunidade de Neg\u00f3cios ser\u00e1 promovido nos dias 15 e 16 de setembro"},"content":{"rendered":"<p>O Servi\u00e7o Brasileiro de Apoio \u00e0s Micro e Pequenas Empresas (Sebrae\/BA), em parceria com o Munic\u00edpio e o Estado, promover\u00e1, nos dias 15 e 16 de setembro, \u201cO Encontro Municipal de Oportunidade de Neg\u00f3cios para Micro e Pequenas Empresas nas Compras Governamentais\u201d.<\/p>\n<p>O evento tem por objetivo capacitar micro e pequenos empres\u00e1rios, produtores rurais e gestores p\u00fablicos nas a\u00e7\u00f5es voltadas para a rela\u00e7\u00e3o comercial de compras governamentais, entre os entes p\u00fablicos e seus fornecedores.<\/p>\n<p>A programa\u00e7\u00e3o contar\u00e1 com quatro palestras e seis oficinas com abordagens pr\u00e1ticas nas compras governamentais. O p\u00fablico estimado \u00e9 de cerca de 150 pessoas. Os interessados podem obter outras informa\u00e7\u00f5es e realizar suas inscri\u00e7\u00f5es por meio do telefone: (77)3424-1600.<\/p>\n<p>As palestras e oficinas ser\u00e3o realizadas na Secretaria Municipal de Trabalho e Renda e Desenvolvimento Econ\u00f4mico (Semtre), localizada na Avenida Bartolomeu de Gusm\u00e3o, n\u00ba 744, Jurema. *Com informa\u00e7\u00f5es da Secom\/PMVC.<\/p>\n","protected":false},"excerpt":{"rendered":"<p>O Servi\u00e7o Brasileiro de Apoio \u00e0s Micro e Pequenas Empresas (Sebrae\/BA), em parceria com o Munic\u00edpio e o Estado, promover\u00e1, nos dias 15 e 16 de setembro, \u201cO Encontro Municipal de Oportunidade de Neg\u00f3cios para Micro e Pequenas Empresas nas Compras Governamentais\u201d. O evento tem por objetivo capacitar micro e pequenos empres\u00e1rios, produtores rurais e [&hellip;]<\/p>\n","protected":false},"author":1,"featured_media":27868,"comment_status":"open","ping_status":"closed","sticky":false,"template":"","format":"standard","meta":[],"categories":[4],"tags":[],"_links":{"self":[{"href":"http:\/\/blitzconquista.com.br\/index.php?rest_route=\/wp\/v2\/posts\/27867"}],"collection":[{"href":"http:\/\/blitzconquista.com.br\/index.php?rest_route=\/wp\/v2\/posts"}],"about":[{"href":"http:\/\/blitzconquista.com.br\/index.php?rest_route=\/wp\/v2\/types\/post"}],"author":[{"embeddable":true,"href":"http:\/\/blitzconquista.com.br\/index.php?rest_route=\/wp\/v2\/users\/1"}],"replies":[{"embeddable":true,"href":"http:\/\/blitzconquista.com.br\/index.php?rest_route=%2Fwp%2Fv2%2Fcomments&post=27867"}],"version-history":[{"count":0,"href":"http:\/\/blitzconquista.com.br\/index.php?rest_route=\/wp\/v2\/posts\/27867\/revisions"}],"wp:featuredmedia":[{"embeddable":true,"href":"http:\/\/blitzconquista.com.br\/index.php?rest_route=\/"}],"wp:attachment":[{"href":"http:\/\/blitzconquista.com.br\/index.php?rest_route=%2Fwp%2Fv2%2Fmedia&parent=27867"}],"wp:term":[{"taxonomy":"category","embeddable":true,"href":"http:\/\/blitzconquista.com.br\/index.php?rest_route=%2Fwp%2Fv2%2Fcategories&post=27867"},{"taxonomy":"post_tag","embeddable":true,"href":"http:\/\/blitzconquista.com.br\/index.php?rest_route=%2Fwp%2Fv2%2Ftags&post=27867"}],"curies":[{"name":"wp","href":"https:\/\/api.w.org\/{rel}","templated":true}]}}