{"id":27880,"date":"2014-09-08T21:59:28","date_gmt":"2014-09-09T00:59:28","guid":{"rendered":"http:\/\/blitzconquista.com.br\/new\/?p=27880"},"modified":"2014-09-08T21:59:28","modified_gmt":"2014-09-09T00:59:28","slug":"prefeitura-de-vitoria-da-conquista-tem-projeto-aprovado-na-area-de-promocao-da-igualdade-racial","status":"publish","type":"post","link":"http:\/\/blitzconquista.com.br\/?p=27880","title":{"rendered":"Prefeitura de Vit\u00f3ria da Conquista tem projeto aprovado na \u00e1rea de Promo\u00e7\u00e3o da Igualdade Racial"},"content":{"rendered":"<p>O projeto \u201cEstrutura\u00e7\u00e3o do N\u00facleo e do Conselho de Promo\u00e7\u00e3o da Igualdade Racial de Vit\u00f3ria da Conquista \u2013 BA\u201d, apresentado pela Prefeitura Municipal, foi aprovado pela Secretaria Nacional Especial de Pol\u00edticas de Promo\u00e7\u00e3o da Igualdade Racial. Com isso, o Munic\u00edpio receber\u00e1 mais de R$ 102 mil para a estrutura\u00e7\u00e3o f\u00edsica e a forma\u00e7\u00e3o de conselheiros.<br \/>\nNa estrutura\u00e7\u00e3o f\u00edsica, ser\u00e3o adquiridos bens para equipar a sede da Coordena\u00e7\u00e3o Municipal de Promo\u00e7\u00e3o da Igualdade Racial. No eixo de forma\u00e7\u00e3o, ser\u00e1 promovido um curso sobre Pol\u00edticas de Igualdade Racial para duas turmas de 40 participantes, em 2015 e 2016, com 40 horas de dura\u00e7\u00e3o cada.<br \/>\nO conv\u00eanio entre a Prefeitura e a Secretaria Nacional Especial de Pol\u00edticas de Promo\u00e7\u00e3o da Igualdade Racial ser\u00e1 firmado no pr\u00f3ximo dia 5 de novembro, abrindo as comemora\u00e7\u00f5es do m\u00eas da Consci\u00eancia Negra. A partir desta data, a Administra\u00e7\u00e3o Municipal ter\u00e1 24 meses para a execu\u00e7\u00e3o do projeto.<br \/>\nA Secretaria Nacional Especial de Pol\u00edticas de Promo\u00e7\u00e3o da Igualdade Racial aprovou cerca de 30 projetos em todo o pa\u00eds, sendo tr\u00eas na Bahia.<br \/>\nA aprova\u00e7\u00e3o desse projeto representa para a Prefeitura de Vit\u00f3ria da Conquista mais um grande passe na institucionaliza\u00e7\u00e3o das pol\u00edticas de Igualdade Racial no munic\u00edpio que, desde 2003, possui um N\u00facleo de Igualdade Racial e, desde 2012, conta com o Conselho Municipal de Promo\u00e7\u00e3o da Igualdade Racial (Comppir), composto por 26 membros titulares e \u00e9 de forma\u00e7\u00e3o parit\u00e1ria. *Com informa\u00e7\u00f5es da Secom\/PMVC.<\/p>\n","protected":false},"excerpt":{"rendered":"<p>O projeto \u201cEstrutura\u00e7\u00e3o do N\u00facleo e do Conselho de Promo\u00e7\u00e3o da Igualdade Racial de Vit\u00f3ria da Conquista \u2013 BA\u201d, apresentado pela Prefeitura Municipal, foi aprovado pela Secretaria Nacional Especial de Pol\u00edticas de Promo\u00e7\u00e3o da Igualdade Racial. Com isso, o Munic\u00edpio receber\u00e1 mais de R$ 102 mil para a estrutura\u00e7\u00e3o f\u00edsica e a forma\u00e7\u00e3o de conselheiros. [&hellip;]<\/p>\n","protected":false},"author":1,"featured_media":27881,"comment_status":"open","ping_status":"closed","sticky":false,"template":"","format":"standard","meta":[],"categories":[5],"tags":[],"_links":{"self":[{"href":"http:\/\/blitzconquista.com.br\/index.php?rest_route=\/wp\/v2\/posts\/27880"}],"collection":[{"href":"http:\/\/blitzconquista.com.br\/index.php?rest_route=\/wp\/v2\/posts"}],"about":[{"href":"http:\/\/blitzconquista.com.br\/index.php?rest_route=\/wp\/v2\/types\/post"}],"author":[{"embeddable":true,"href":"http:\/\/blitzconquista.com.br\/index.php?rest_route=\/wp\/v2\/users\/1"}],"replies":[{"embeddable":true,"href":"http:\/\/blitzconquista.com.br\/index.php?rest_route=%2Fwp%2Fv2%2Fcomments&post=27880"}],"version-history":[{"count":0,"href":"http:\/\/blitzconquista.com.br\/index.php?rest_route=\/wp\/v2\/posts\/27880\/revisions"}],"wp:featuredmedia":[{"embeddable":true,"href":"http:\/\/blitzconquista.com.br\/index.php?rest_route=\/"}],"wp:attachment":[{"href":"http:\/\/blitzconquista.com.br\/index.php?rest_route=%2Fwp%2Fv2%2Fmedia&parent=27880"}],"wp:term":[{"taxonomy":"category","embeddable":true,"href":"http:\/\/blitzconquista.com.br\/index.php?rest_route=%2Fwp%2Fv2%2Fcategories&post=27880"},{"taxonomy":"post_tag","embeddable":true,"href":"http:\/\/blitzconquista.com.br\/index.php?rest_route=%2Fwp%2Fv2%2Ftags&post=27880"}],"curies":[{"name":"wp","href":"https:\/\/api.w.org\/{rel}","templated":true}]}}