{"id":27889,"date":"2014-09-08T23:10:28","date_gmt":"2014-09-09T02:10:28","guid":{"rendered":"http:\/\/blitzconquista.com.br\/new\/?p=27889"},"modified":"2014-09-08T23:10:28","modified_gmt":"2014-09-09T02:10:28","slug":"de-olho-no-voto-fabricio-afirma-possibilidade-de-alianca-com-herzem-em-2016","status":"publish","type":"post","link":"http:\/\/blitzconquista.com.br\/?p=27889","title":{"rendered":"De Olho no Voto: Fabr\u00edcio afirma possibilidade de alian\u00e7a com Herzem em 2016"},"content":{"rendered":"<div id=\"stcpDiv\">\n<p>Primeiro entrevistado da s\u00e9rie de entrevistas articuladas pelos principais blogs de Vit\u00f3ria da Conquista por meio do De Olho no Voto, o deputado estadual e candidato \u00e0 reelei\u00e7\u00e3o pelo Partido Comunista do Brasil\/PCdoB, Fabr\u00edcio Falc\u00e3o, fez ver que sua candidatura \u00e0 Prefeitura de Vit\u00f3ria da Conquista saiu do campo da vontade e da especula\u00e7\u00e3o para tornar-se algo concreto.<\/p>\n<p>Falando mais como candidato a prefeito que a deputado estadual, Fabr\u00edcio real\u00e7ou a probidade do governo municipal, mas afirmou que a gest\u00e3o atual n\u00e3o consegue planejar a cidade com uma vis\u00e3o de longo prazo. Segundo ele, medidas imediatistas retardam o crescimento da cidade. Ele afirmou ainda que a Vit\u00f3ria da Conquista \u00e9 administrada como se tivesse apenas 250 mil habitantes.<\/p>\n<p>Indagado pelo jornalista Paulo Nunes quanto \u00e0 possibilidade de uma alian\u00e7a pol\u00edtica com o arquirrival do prefeito Guilherme Menezes, o peemedebista Herzem Gusm\u00e3o, nas elei\u00e7\u00f5es de 2016, Fabr\u00edcio n\u00e3o titubeou: al\u00e9m de real\u00e7ar a figura do radialista, afirmou categoricamente que n\u00e3o v\u00ea nenhum problema em aliar-se ao mais destacado inimigo pol\u00edtico dos petistas, ele inclusive o entrevistado desta ter\u00e7a-feira no De Olho no Voto.<\/p>\n<\/div>\n","protected":false},"excerpt":{"rendered":"<p>Primeiro entrevistado da s\u00e9rie de entrevistas articuladas pelos principais blogs de Vit\u00f3ria da Conquista por meio do De Olho no Voto, o deputado estadual e candidato \u00e0 reelei\u00e7\u00e3o pelo Partido Comunista do Brasil\/PCdoB, Fabr\u00edcio Falc\u00e3o, fez ver que sua candidatura \u00e0 Prefeitura de Vit\u00f3ria da Conquista saiu do campo da vontade e da especula\u00e7\u00e3o para [&hellip;]<\/p>\n","protected":false},"author":1,"featured_media":27890,"comment_status":"open","ping_status":"closed","sticky":false,"template":"","format":"standard","meta":[],"categories":[5],"tags":[],"_links":{"self":[{"href":"http:\/\/blitzconquista.com.br\/index.php?rest_route=\/wp\/v2\/posts\/27889"}],"collection":[{"href":"http:\/\/blitzconquista.com.br\/index.php?rest_route=\/wp\/v2\/posts"}],"about":[{"href":"http:\/\/blitzconquista.com.br\/index.php?rest_route=\/wp\/v2\/types\/post"}],"author":[{"embeddable":true,"href":"http:\/\/blitzconquista.com.br\/index.php?rest_route=\/wp\/v2\/users\/1"}],"replies":[{"embeddable":true,"href":"http:\/\/blitzconquista.com.br\/index.php?rest_route=%2Fwp%2Fv2%2Fcomments&post=27889"}],"version-history":[{"count":0,"href":"http:\/\/blitzconquista.com.br\/index.php?rest_route=\/wp\/v2\/posts\/27889\/revisions"}],"wp:featuredmedia":[{"embeddable":true,"href":"http:\/\/blitzconquista.com.br\/index.php?rest_route=\/"}],"wp:attachment":[{"href":"http:\/\/blitzconquista.com.br\/index.php?rest_route=%2Fwp%2Fv2%2Fmedia&parent=27889"}],"wp:term":[{"taxonomy":"category","embeddable":true,"href":"http:\/\/blitzconquista.com.br\/index.php?rest_route=%2Fwp%2Fv2%2Fcategories&post=27889"},{"taxonomy":"post_tag","embeddable":true,"href":"http:\/\/blitzconquista.com.br\/index.php?rest_route=%2Fwp%2Fv2%2Ftags&post=27889"}],"curies":[{"name":"wp","href":"https:\/\/api.w.org\/{rel}","templated":true}]}}