{"id":27919,"date":"2014-09-10T00:06:28","date_gmt":"2014-09-10T03:06:28","guid":{"rendered":"http:\/\/blitzconquista.com.br\/new\/?p=27919"},"modified":"2014-09-10T00:06:28","modified_gmt":"2014-09-10T03:06:28","slug":"banda-larga-e-maior-desafio-da-infraestrutura-no-pais-diz-dilma","status":"publish","type":"post","link":"http:\/\/blitzconquista.com.br\/?p=27919","title":{"rendered":"Banda larga \u00e9 maior desafio da infraestrutura no pa\u00eds, diz Dilma"},"content":{"rendered":"<p>A presidenta da Rep\u00fablica e candidata \u00e0 reelei\u00e7\u00e3o pelo PT, Dilma Rousseff, disse hoje (9) que a expans\u00e3o da banda larga \u00e9 o maior desafio de infraestrutura no pa\u00eds. Segundo ela, a universaliza\u00e7\u00e3o da rede, no entanto, s\u00f3 dever\u00e1 ocorrer se houver investimento de dinheiro p\u00fablico.<\/p>\n<p>\u201cEu acredito que esse seja o maior desafio de infraestrutura que n\u00f3s temos. E quero dizer que n\u00e3o acredito que ele possa ser feito sem dinheiro p\u00fablico. Dinheiro p\u00fablico que eu falo s\u00e3o duas coisas: Or\u00e7amento Geral da Uni\u00e3o, e financiamento subsidiado. Sem esses dois elementos n\u00e3o sai banda larga\u201d, disse Dilma, antes de encontro com representantes de associa\u00e7\u00f5es e entidades respons\u00e1veis pela campanha Banda Larga \u00e9 um Direito Seu!<\/p>\n<p>A candidata destacou, no entanto, que a expans\u00e3o da rede de banda larga depende tamb\u00e9m do setor privado, mas que ele dever\u00e1 estar sujeito \u00e0s metas estipuladas pelo Poder P\u00fablico. Ela sugeriu que a universaliza\u00e7\u00e3o seja baseada na legisla\u00e7\u00e3o.<\/p>\n<p>\u201cN\u00f3s temos de fazer um grande esfor\u00e7o, esse \u00e9 um esfor\u00e7o que vai contar muito com a participa\u00e7\u00e3o do setor privado\u201d, disse.<\/p>\n<p>\u201cA universaliza\u00e7\u00e3o \u00e9 lei, lei para mim \u00e9 p\u00fablica, \u00e9 obrigado a fazer e ponto. Se n\u00e3o fizer com meta clara, o prazo \u00e9 tal, tem de dar tal velocidade, que n\u00e3o \u00e9 s\u00f3 falar que chegou na sua casa, eu quero saber qual \u00e9 a velocidade, qual \u00e9 a capacidade, e como est\u00e1 sendo feita a conex\u00e3o\u201d, disse.<\/p>\n<p>Questionada sobre mudan\u00e7as em sua gest\u00e3o, caso seja reeleita, Dilma disse que \u201ctodo governo novo ter\u00e1 uma equipe nova\u201d, mas n\u00e3o adiantou o perfil dos novos membros. Ela ressaltou, no entanto, que o ponto fundamental de vis\u00e3o de seu governo n\u00e3o ser\u00e1 alterado.<\/p>\n<p>\u201cEle tem caracter\u00edstica de cl\u00e1usula p\u00e9trea. N\u00f3s temos um compromisso. Garantir que o Brasil tenha inclus\u00e3o social, redu\u00e7\u00e3o da desigualdade, mais emprego com desenvolvimento. E, ao mesmo tempo, seja um Brasil moderno, produtivo, competitivo. Agora, que ele seja inclusivo\u201d, disse.<\/p>\n<p>Ela disse tamb\u00e9m que, caso reeleita, dever\u00e1 enfrentar condi\u00e7\u00f5es bastante diversas daquelas que encontrou no primeiro mandato. \u201cEu tenho certeza que o segundo mandato, se porventura eu for eleita, ter\u00e1 condi\u00e7\u00f5es conjunturais completamente diversas. Porque eu espero que a economia internacional se recupere, n\u00e3o acho que ela v\u00e1 continuar andando de lado como est\u00e1 fazendo\u201d disse.<\/p>\n<p>A candidata ressaltou ainda que, mesmo com a crise, o pa\u00eds conseguiu investir e que n\u00e3o v\u00ea como objetivo imediato o pagamento da d\u00edvida p\u00fablica. *Ag\u00eancia Brasil<\/p>\n","protected":false},"excerpt":{"rendered":"<p>A presidenta da Rep\u00fablica e candidata \u00e0 reelei\u00e7\u00e3o pelo PT, Dilma Rousseff, disse hoje (9) que a expans\u00e3o da banda larga \u00e9 o maior desafio de infraestrutura no pa\u00eds. Segundo ela, a universaliza\u00e7\u00e3o da rede, no entanto, s\u00f3 dever\u00e1 ocorrer se houver investimento de dinheiro p\u00fablico. \u201cEu acredito que esse seja o maior desafio de [&hellip;]<\/p>\n","protected":false},"author":1,"featured_media":25229,"comment_status":"open","ping_status":"closed","sticky":false,"template":"","format":"standard","meta":[],"categories":[5],"tags":[],"_links":{"self":[{"href":"http:\/\/blitzconquista.com.br\/index.php?rest_route=\/wp\/v2\/posts\/27919"}],"collection":[{"href":"http:\/\/blitzconquista.com.br\/index.php?rest_route=\/wp\/v2\/posts"}],"about":[{"href":"http:\/\/blitzconquista.com.br\/index.php?rest_route=\/wp\/v2\/types\/post"}],"author":[{"embeddable":true,"href":"http:\/\/blitzconquista.com.br\/index.php?rest_route=\/wp\/v2\/users\/1"}],"replies":[{"embeddable":true,"href":"http:\/\/blitzconquista.com.br\/index.php?rest_route=%2Fwp%2Fv2%2Fcomments&post=27919"}],"version-history":[{"count":0,"href":"http:\/\/blitzconquista.com.br\/index.php?rest_route=\/wp\/v2\/posts\/27919\/revisions"}],"wp:featuredmedia":[{"embeddable":true,"href":"http:\/\/blitzconquista.com.br\/index.php?rest_route=\/"}],"wp:attachment":[{"href":"http:\/\/blitzconquista.com.br\/index.php?rest_route=%2Fwp%2Fv2%2Fmedia&parent=27919"}],"wp:term":[{"taxonomy":"category","embeddable":true,"href":"http:\/\/blitzconquista.com.br\/index.php?rest_route=%2Fwp%2Fv2%2Fcategories&post=27919"},{"taxonomy":"post_tag","embeddable":true,"href":"http:\/\/blitzconquista.com.br\/index.php?rest_route=%2Fwp%2Fv2%2Ftags&post=27919"}],"curies":[{"name":"wp","href":"https:\/\/api.w.org\/{rel}","templated":true}]}}