{"id":27991,"date":"2014-09-11T09:50:46","date_gmt":"2014-09-11T12:50:46","guid":{"rendered":"http:\/\/blitzconquista.com.br\/new\/?p=27991"},"modified":"2014-09-11T09:50:46","modified_gmt":"2014-09-11T12:50:46","slug":"convocados-em-terceira-chamada-do-concurso-da-prefeitura-serao-empossados-no-dia-19","status":"publish","type":"post","link":"http:\/\/blitzconquista.com.br\/?p=27991","title":{"rendered":"Convocados em terceira chamada do Concurso da prefeitura ser\u00e3o empossados no dia 19"},"content":{"rendered":"<p>Ser\u00e1 realizada, na pr\u00f3xima sexta-feira, 19, \u00e0s 8h30, a cerim\u00f4nia de posse dos candidatos convocados na terceira chamada do Concurso P\u00fablico Municipal (Edital n\u00ba 01\/2013). A solenidade acontecer\u00e1 no audit\u00f3rio da Secretaria Municipal de Trabalho, Renda e Desenvolvimento Econ\u00f4mico (Semtre), localizada na Avenida Bartolomeu de Gusm\u00e3o, n\u00ba 744, Jurema. Durante a cerim\u00f4nia, ser\u00e1 ministrada uma palestra sobre Processo Administrativo (PAD).<\/p>\n<p>No momento da posse, o candidato deve apresentar a declara\u00e7\u00e3o de bens e valores do seu patrim\u00f4nio, quanto \u00e0 acumula\u00e7\u00e3o ou n\u00e3o de cargo, emprego ou fun\u00e7\u00e3o p\u00fablica e de demais obriga\u00e7\u00f5es legais (anexo VI). Aquele que n\u00e3o apresentar os documentos e exames at\u00e9 o prazo fixado ou n\u00e3o entregar, no ato da posse, a declara\u00e7\u00e3o exigida ser\u00e1 considerado desistente e eliminado do certame (subitem 20.7 do Edital do Concurso), salvo se requerer o reposicionamento para o \u00faltimo lugar da lista dos aprovados e classificados (subitem 20.11 do Edital do Concurso).<\/p>\n<p>Os candidatos convocados que ainda n\u00e3o entregaram a documenta\u00e7\u00e3o exigida para a posse t\u00eam at\u00e9 o dia 15 de setembro, segunda-feira, para apresent\u00e1-la. Os documentos devem ser entregues na Coordena\u00e7\u00e3o Municipal de Gest\u00e3o de Pessoas, localizada na Pra\u00e7a Joaquim Correia, n\u00ba 21, Centro, das 9h \u00e0s 12h e das 14h \u00e0s 17h. Quem n\u00e3o apresentar os documentos e os exames at\u00e9 o prazo indicado ser\u00e1 considerado desistente da vaga e eliminado do certame. *Com informa\u00e7\u00f5es da Secom\/PMVC.<\/p>\n","protected":false},"excerpt":{"rendered":"<p>Ser\u00e1 realizada, na pr\u00f3xima sexta-feira, 19, \u00e0s 8h30, a cerim\u00f4nia de posse dos candidatos convocados na terceira chamada do Concurso P\u00fablico Municipal (Edital n\u00ba 01\/2013). A solenidade acontecer\u00e1 no audit\u00f3rio da Secretaria Municipal de Trabalho, Renda e Desenvolvimento Econ\u00f4mico (Semtre), localizada na Avenida Bartolomeu de Gusm\u00e3o, n\u00ba 744, Jurema. Durante a cerim\u00f4nia, ser\u00e1 ministrada uma [&hellip;]<\/p>\n","protected":false},"author":1,"featured_media":24689,"comment_status":"open","ping_status":"closed","sticky":false,"template":"","format":"standard","meta":[],"categories":[4],"tags":[],"_links":{"self":[{"href":"http:\/\/blitzconquista.com.br\/index.php?rest_route=\/wp\/v2\/posts\/27991"}],"collection":[{"href":"http:\/\/blitzconquista.com.br\/index.php?rest_route=\/wp\/v2\/posts"}],"about":[{"href":"http:\/\/blitzconquista.com.br\/index.php?rest_route=\/wp\/v2\/types\/post"}],"author":[{"embeddable":true,"href":"http:\/\/blitzconquista.com.br\/index.php?rest_route=\/wp\/v2\/users\/1"}],"replies":[{"embeddable":true,"href":"http:\/\/blitzconquista.com.br\/index.php?rest_route=%2Fwp%2Fv2%2Fcomments&post=27991"}],"version-history":[{"count":0,"href":"http:\/\/blitzconquista.com.br\/index.php?rest_route=\/wp\/v2\/posts\/27991\/revisions"}],"wp:featuredmedia":[{"embeddable":true,"href":"http:\/\/blitzconquista.com.br\/index.php?rest_route=\/"}],"wp:attachment":[{"href":"http:\/\/blitzconquista.com.br\/index.php?rest_route=%2Fwp%2Fv2%2Fmedia&parent=27991"}],"wp:term":[{"taxonomy":"category","embeddable":true,"href":"http:\/\/blitzconquista.com.br\/index.php?rest_route=%2Fwp%2Fv2%2Fcategories&post=27991"},{"taxonomy":"post_tag","embeddable":true,"href":"http:\/\/blitzconquista.com.br\/index.php?rest_route=%2Fwp%2Fv2%2Ftags&post=27991"}],"curies":[{"name":"wp","href":"https:\/\/api.w.org\/{rel}","templated":true}]}}