{"id":28078,"date":"2014-09-14T15:32:59","date_gmt":"2014-09-14T18:32:59","guid":{"rendered":"http:\/\/blitzconquista.com.br\/new\/?p=28078"},"modified":"2014-09-14T15:32:59","modified_gmt":"2014-09-14T18:32:59","slug":"queimadas-indiscriminadas-aumentam-o-trabalho-dos-bombeiros","status":"publish","type":"post","link":"http:\/\/blitzconquista.com.br\/?p=28078","title":{"rendered":"Queimadas indiscriminadas aumentam o trabalho dos bombeiros"},"content":{"rendered":"<p>O tempo seco e quente tem aumentado \u00e0 incid\u00eancia de queimadas em Vit\u00f3ria da Conquista, principalmente na \u00e1rea urbana. Diariamente os bombeiros t\u00eam sido chamados para combater focos de inc\u00eandio em terrenos baldios da cidade.<br \/>\nNa noite deste s\u00e1bado, 14, os bombeiros tiveram trabalho para debelar o fogo em um grande terreno localizado na Av. Juracy Magalh\u00e3es.<\/p>\n<p><img decoding=\"async\" loading=\"lazy\" class=\"size-full wp-image-28081 aligncenter\" src=\"http:\/\/blitzconquista.com.br\/new\/wp-content\/uploads\/2014\/09\/fogo-terreno-juracy-magalh\u00e3es-4.jpg\" alt=\"fogo terreno juracy magalh\u00e3es (4)\" width=\"590\" height=\"390\" \/><br \/>\nDe acordo com moradores da regi\u00e3o, o mato estava alto e foi feito uma limpeza, mas um dos moradores pr\u00f3ximos ateou fogo no mato seco. Com o r\u00e1pido avan\u00e7o das chamas a fuma\u00e7a tomou conta da localidade, inclusive da visibilidade na via.<br \/>\nAp\u00f3s horas de combate o fogo foi debelado pelos bombeiros.<\/p>\n<p><img decoding=\"async\" loading=\"lazy\" class=\"size-full wp-image-28079 aligncenter\" src=\"http:\/\/blitzconquista.com.br\/new\/wp-content\/uploads\/2014\/09\/fogo-terreno-juracy-magalh\u00e3es-1.jpg\" alt=\"fogo terreno juracy magalh\u00e3es (1)\" width=\"590\" height=\"390\" \/><\/p>\n","protected":false},"excerpt":{"rendered":"<p>O tempo seco e quente tem aumentado \u00e0 incid\u00eancia de queimadas em Vit\u00f3ria da Conquista, principalmente na \u00e1rea urbana. Diariamente os bombeiros t\u00eam sido chamados para combater focos de inc\u00eandio em terrenos baldios da cidade. Na noite deste s\u00e1bado, 14, os bombeiros tiveram trabalho para debelar o fogo em um grande terreno localizado na Av. [&hellip;]<\/p>\n","protected":false},"author":1,"featured_media":28080,"comment_status":"open","ping_status":"closed","sticky":false,"template":"","format":"standard","meta":[],"categories":[4],"tags":[],"_links":{"self":[{"href":"http:\/\/blitzconquista.com.br\/index.php?rest_route=\/wp\/v2\/posts\/28078"}],"collection":[{"href":"http:\/\/blitzconquista.com.br\/index.php?rest_route=\/wp\/v2\/posts"}],"about":[{"href":"http:\/\/blitzconquista.com.br\/index.php?rest_route=\/wp\/v2\/types\/post"}],"author":[{"embeddable":true,"href":"http:\/\/blitzconquista.com.br\/index.php?rest_route=\/wp\/v2\/users\/1"}],"replies":[{"embeddable":true,"href":"http:\/\/blitzconquista.com.br\/index.php?rest_route=%2Fwp%2Fv2%2Fcomments&post=28078"}],"version-history":[{"count":0,"href":"http:\/\/blitzconquista.com.br\/index.php?rest_route=\/wp\/v2\/posts\/28078\/revisions"}],"wp:featuredmedia":[{"embeddable":true,"href":"http:\/\/blitzconquista.com.br\/index.php?rest_route=\/wp\/v2\/posts\/28080"}],"wp:attachment":[{"href":"http:\/\/blitzconquista.com.br\/index.php?rest_route=%2Fwp%2Fv2%2Fmedia&parent=28078"}],"wp:term":[{"taxonomy":"category","embeddable":true,"href":"http:\/\/blitzconquista.com.br\/index.php?rest_route=%2Fwp%2Fv2%2Fcategories&post=28078"},{"taxonomy":"post_tag","embeddable":true,"href":"http:\/\/blitzconquista.com.br\/index.php?rest_route=%2Fwp%2Fv2%2Ftags&post=28078"}],"curies":[{"name":"wp","href":"https:\/\/api.w.org\/{rel}","templated":true}]}}