{"id":28198,"date":"2014-09-18T01:23:52","date_gmt":"2014-09-18T04:23:52","guid":{"rendered":"http:\/\/blitzconquista.com.br\/new\/?p=28198"},"modified":"2014-09-18T01:23:52","modified_gmt":"2014-09-18T04:23:52","slug":"municipio-realiza-a-semana-nacional-de-transito-2014","status":"publish","type":"post","link":"http:\/\/blitzconquista.com.br\/?p=28198","title":{"rendered":"Munic\u00edpio realiza a Semana Nacional de Tr\u00e2nsito 2014"},"content":{"rendered":"<p>A Prefeitura de Vit\u00f3ria da Conquista, por meio da Secretaria Municipal de Mobilidade Urbana, promove, a partir desta quinta-feira, 18, a Semana Nacional de Tr\u00e2nsito. A atividades faz parte do programa \u201cD\u00e9cada Mundial de A\u00e7\u00f5es para a Seguran\u00e7a do Tr\u00e2nsito 2010-2020\u201d. Este ano, o evento tem como tema \u201cCidade para as pessoas. Prote\u00e7\u00e3o e prioridade ao pedestre\u201d e envolve palestras e atividades educativas, sobretudo aquelas relacionadas a seguran\u00e7a e a conscientiza\u00e7\u00e3o do ciclista. At\u00e9 o dia 25, ser\u00e3o desenvolvidas tamb\u00e9m blitz educativas em diversos pontos da cidade, a exemplo das avenidas Juracy Magalh\u00e3es e Ol\u00edvia Flores.<br \/>\nConfira a programa\u00e7\u00e3o das palestras (excepcionalmente, duas palestras ser\u00e3o realizadas depois do dia 25):<br \/>\n19\/9 (sexta-feira) \u2013 9h \u2013 Escola Municipal Id\u00e1lia Torres<br \/>\n20\/9 (s\u00e1bado) \u2013 9h \u2013 Apoio Log\u00edstica<br \/>\n22\/9 (segunda-feira) \u2013 8h \u2013 Apoio Log\u00edstica<br \/>\n24\/9 quarta-feira) \u2013 9h \u2013 Creche Bela Vista<br \/>\n26\/9 (sexta-feira) \u2013 9h \u2013 Escola Novo Mundo ABC<br \/>\n29\/9 (segunda-feira) \u2013 9h \u2013 Creche Municipal Tia Zaza<\/p>\n","protected":false},"excerpt":{"rendered":"<p>A Prefeitura de Vit\u00f3ria da Conquista, por meio da Secretaria Municipal de Mobilidade Urbana, promove, a partir desta quinta-feira, 18, a Semana Nacional de Tr\u00e2nsito. A atividades faz parte do programa \u201cD\u00e9cada Mundial de A\u00e7\u00f5es para a Seguran\u00e7a do Tr\u00e2nsito 2010-2020\u201d. Este ano, o evento tem como tema \u201cCidade para as pessoas. Prote\u00e7\u00e3o e prioridade [&hellip;]<\/p>\n","protected":false},"author":1,"featured_media":28199,"comment_status":"open","ping_status":"closed","sticky":false,"template":"","format":"standard","meta":[],"categories":[7],"tags":[],"_links":{"self":[{"href":"http:\/\/blitzconquista.com.br\/index.php?rest_route=\/wp\/v2\/posts\/28198"}],"collection":[{"href":"http:\/\/blitzconquista.com.br\/index.php?rest_route=\/wp\/v2\/posts"}],"about":[{"href":"http:\/\/blitzconquista.com.br\/index.php?rest_route=\/wp\/v2\/types\/post"}],"author":[{"embeddable":true,"href":"http:\/\/blitzconquista.com.br\/index.php?rest_route=\/wp\/v2\/users\/1"}],"replies":[{"embeddable":true,"href":"http:\/\/blitzconquista.com.br\/index.php?rest_route=%2Fwp%2Fv2%2Fcomments&post=28198"}],"version-history":[{"count":0,"href":"http:\/\/blitzconquista.com.br\/index.php?rest_route=\/wp\/v2\/posts\/28198\/revisions"}],"wp:featuredmedia":[{"embeddable":true,"href":"http:\/\/blitzconquista.com.br\/index.php?rest_route=\/"}],"wp:attachment":[{"href":"http:\/\/blitzconquista.com.br\/index.php?rest_route=%2Fwp%2Fv2%2Fmedia&parent=28198"}],"wp:term":[{"taxonomy":"category","embeddable":true,"href":"http:\/\/blitzconquista.com.br\/index.php?rest_route=%2Fwp%2Fv2%2Fcategories&post=28198"},{"taxonomy":"post_tag","embeddable":true,"href":"http:\/\/blitzconquista.com.br\/index.php?rest_route=%2Fwp%2Fv2%2Ftags&post=28198"}],"curies":[{"name":"wp","href":"https:\/\/api.w.org\/{rel}","templated":true}]}}