{"id":28318,"date":"2014-09-23T02:06:14","date_gmt":"2014-09-23T05:06:14","guid":{"rendered":"http:\/\/blitzconquista.com.br\/new\/?p=28318"},"modified":"2014-09-23T02:06:14","modified_gmt":"2014-09-23T05:06:14","slug":"pc-prende-comerciante-por-posse-ilegal-de-arma-de-fogo","status":"publish","type":"post","link":"http:\/\/blitzconquista.com.br\/?p=28318","title":{"rendered":"PC prende comerciante por posse ilegal de arma de fogo"},"content":{"rendered":"<p>A Pol\u00edcia Civil de Anag\u00e9 prendeu em flagrante, na manh\u00e3 desta segunda-feira, 22, o comerciante Bolivar Porto Viana por posse ilegal de arma de fogo e muni\u00e7\u00f5es.<br \/>\nDe acordo com o Delegado Titular da Cidade, Ricardo Ungaro, os investigadores receberam uma den\u00fancia an\u00f4nima que o suspeito estaria com arma em sua resid\u00eancia e com\u00e9rcio. No local foi constatado o fato e apreendido um rev\u00f3lver calibre 38 e muni\u00e7\u00f5es.<\/p>\n<p><img decoding=\"async\" loading=\"lazy\" class=\"size-full wp-image-28319 aligncenter\" src=\"http:\/\/blitzconquista.com.br\/new\/wp-content\/uploads\/2014\/09\/IMG-20140922-WA0052.jpg\" alt=\"IMG-20140922-WA0052\" width=\"590\" height=\"377\" \/><br \/>\nAinda, segundo o delegado, Bolivar responde por crime de recepta\u00e7\u00e3o (venda de ve\u00edculos roubados ou furtados).<\/p>\n<p><em>*Fotos: PC<\/em><\/p>\n","protected":false},"excerpt":{"rendered":"<p>A Pol\u00edcia Civil de Anag\u00e9 prendeu em flagrante, na manh\u00e3 desta segunda-feira, 22, o comerciante Bolivar Porto Viana por posse ilegal de arma de fogo e muni\u00e7\u00f5es. De acordo com o Delegado Titular da Cidade, Ricardo Ungaro, os investigadores receberam uma den\u00fancia an\u00f4nima que o suspeito estaria com arma em sua resid\u00eancia e com\u00e9rcio. No [&hellip;]<\/p>\n","protected":false},"author":1,"featured_media":28320,"comment_status":"open","ping_status":"closed","sticky":false,"template":"","format":"standard","meta":[],"categories":[3],"tags":[],"_links":{"self":[{"href":"http:\/\/blitzconquista.com.br\/index.php?rest_route=\/wp\/v2\/posts\/28318"}],"collection":[{"href":"http:\/\/blitzconquista.com.br\/index.php?rest_route=\/wp\/v2\/posts"}],"about":[{"href":"http:\/\/blitzconquista.com.br\/index.php?rest_route=\/wp\/v2\/types\/post"}],"author":[{"embeddable":true,"href":"http:\/\/blitzconquista.com.br\/index.php?rest_route=\/wp\/v2\/users\/1"}],"replies":[{"embeddable":true,"href":"http:\/\/blitzconquista.com.br\/index.php?rest_route=%2Fwp%2Fv2%2Fcomments&post=28318"}],"version-history":[{"count":0,"href":"http:\/\/blitzconquista.com.br\/index.php?rest_route=\/wp\/v2\/posts\/28318\/revisions"}],"wp:featuredmedia":[{"embeddable":true,"href":"http:\/\/blitzconquista.com.br\/index.php?rest_route=\/"}],"wp:attachment":[{"href":"http:\/\/blitzconquista.com.br\/index.php?rest_route=%2Fwp%2Fv2%2Fmedia&parent=28318"}],"wp:term":[{"taxonomy":"category","embeddable":true,"href":"http:\/\/blitzconquista.com.br\/index.php?rest_route=%2Fwp%2Fv2%2Fcategories&post=28318"},{"taxonomy":"post_tag","embeddable":true,"href":"http:\/\/blitzconquista.com.br\/index.php?rest_route=%2Fwp%2Fv2%2Ftags&post=28318"}],"curies":[{"name":"wp","href":"https:\/\/api.w.org\/{rel}","templated":true}]}}