{"id":28416,"date":"2014-09-25T00:46:59","date_gmt":"2014-09-25T03:46:59","guid":{"rendered":"http:\/\/blitzconquista.com.br\/new\/?p=28416"},"modified":"2014-09-25T00:46:59","modified_gmt":"2014-09-25T03:46:59","slug":"inscricoes-para-a-corrida-da-cidade-2014-ja-estao-abertas","status":"publish","type":"post","link":"http:\/\/blitzconquista.com.br\/?p=28416","title":{"rendered":"Inscri\u00e7\u00f5es para a Corrida da Cidade 2014 j\u00e1 est\u00e3o abertas"},"content":{"rendered":"<p>J\u00e1 est\u00e3o abertas as inscri\u00e7\u00f5es para a Corrida da Cidade. O evento faz parte das comemora\u00e7\u00f5es do anivers\u00e1rio de Vit\u00f3ria da Conquista, no dia 9 de novembro. A competi\u00e7\u00e3o \u00e9 realizada pela Prefeitura Municipal, atrav\u00e9s da Secretaria de Cultura, Turismo, Esporte e Lazer. Para participar, o atleta deve se dirigir at\u00e9 o dia 6 de novembro, ao Gin\u00e1sio de Esportes Raul Ferraz, de segunda a sexta-feira, das 8h \u00e0s 12 h e das 14h \u00e0s 18h. No ato de inscri\u00e7\u00e3o, os interessados devem estar munidos da ficha de inscri\u00e7\u00e3o e dos documentos solicitados no Edital n\u00ba 06\/2014.<\/p>\n<p>Poder\u00e3o se inscrever atletas amadores e profissionais nas categorias masculina e feminina, a partir de 15 anos, residentes e domiciliados em Vit\u00f3ria da Conquista ou em qualquer munic\u00edpio da regi\u00e3o sudoeste da Bahia. A inscri\u00e7\u00e3o e a participa\u00e7\u00e3o de atletas menores de 18 anos de idade s\u00f3 ser\u00e3o permitidas mediante a apresenta\u00e7\u00e3o de autoriza\u00e7\u00e3o expressa emitida pelo pai ou respons\u00e1vel direto indicado pelo candidato no ato da inscri\u00e7\u00e3o.<\/p>\n<p>A Prefeitura Municipal de Vit\u00f3ria da Conquista premiar\u00e1 os primeiros colocados, finalistas de cada categoria da Corrida da Cidade 2014, com pr\u00eamios em dinheiro e\/ou trof\u00e9us.<\/p>\n","protected":false},"excerpt":{"rendered":"<p>J\u00e1 est\u00e3o abertas as inscri\u00e7\u00f5es para a Corrida da Cidade. O evento faz parte das comemora\u00e7\u00f5es do anivers\u00e1rio de Vit\u00f3ria da Conquista, no dia 9 de novembro. A competi\u00e7\u00e3o \u00e9 realizada pela Prefeitura Municipal, atrav\u00e9s da Secretaria de Cultura, Turismo, Esporte e Lazer. Para participar, o atleta deve se dirigir at\u00e9 o dia 6 de [&hellip;]<\/p>\n","protected":false},"author":1,"featured_media":28417,"comment_status":"open","ping_status":"closed","sticky":false,"template":"","format":"standard","meta":[],"categories":[1],"tags":[],"_links":{"self":[{"href":"http:\/\/blitzconquista.com.br\/index.php?rest_route=\/wp\/v2\/posts\/28416"}],"collection":[{"href":"http:\/\/blitzconquista.com.br\/index.php?rest_route=\/wp\/v2\/posts"}],"about":[{"href":"http:\/\/blitzconquista.com.br\/index.php?rest_route=\/wp\/v2\/types\/post"}],"author":[{"embeddable":true,"href":"http:\/\/blitzconquista.com.br\/index.php?rest_route=\/wp\/v2\/users\/1"}],"replies":[{"embeddable":true,"href":"http:\/\/blitzconquista.com.br\/index.php?rest_route=%2Fwp%2Fv2%2Fcomments&post=28416"}],"version-history":[{"count":0,"href":"http:\/\/blitzconquista.com.br\/index.php?rest_route=\/wp\/v2\/posts\/28416\/revisions"}],"wp:featuredmedia":[{"embeddable":true,"href":"http:\/\/blitzconquista.com.br\/index.php?rest_route=\/"}],"wp:attachment":[{"href":"http:\/\/blitzconquista.com.br\/index.php?rest_route=%2Fwp%2Fv2%2Fmedia&parent=28416"}],"wp:term":[{"taxonomy":"category","embeddable":true,"href":"http:\/\/blitzconquista.com.br\/index.php?rest_route=%2Fwp%2Fv2%2Fcategories&post=28416"},{"taxonomy":"post_tag","embeddable":true,"href":"http:\/\/blitzconquista.com.br\/index.php?rest_route=%2Fwp%2Fv2%2Ftags&post=28416"}],"curies":[{"name":"wp","href":"https:\/\/api.w.org\/{rel}","templated":true}]}}