{"id":28480,"date":"2014-09-26T01:45:55","date_gmt":"2014-09-26T04:45:55","guid":{"rendered":"http:\/\/blitzconquista.com.br\/new\/?p=28480"},"modified":"2014-09-26T01:45:55","modified_gmt":"2014-09-26T04:45:55","slug":"enem-abre-inscricoes-para-presos-e-detidos-na-proxima-terca","status":"publish","type":"post","link":"http:\/\/blitzconquista.com.br\/?p=28480","title":{"rendered":"Enem abre inscri\u00e7\u00f5es para presos e detidos na pr\u00f3xima ter\u00e7a"},"content":{"rendered":"<p>O per\u00edodo de inscri\u00e7\u00e3o para pessoas presas e detidas participarem no Exame Nacional do Ensino M\u00e9dio (Enem) come\u00e7a na pr\u00f3xima ter\u00e7a-feira (30) e encerra no dia 30 de outubro. O cadastro \u00e9 feito exclusivamente na internet, na p\u00e1gina do Enem, conforme edital publicado nesta quinta (25) no Di\u00e1rio Oficial da Uni\u00e3o (DOU). As provas ser\u00e3o realizadas nos dias 8 e 9 de dezembro, a partir das 13h, nos pres\u00eddios e nas unidades de interna\u00e7\u00e3o para jovens infratores. Os candidatos ter\u00e3o 4 horas e meia no primeiro dia, para as provas de ci\u00eancias humanas e da natureza. No segundo dia, o tempo ser\u00e1 ampliado em uma hora, para as quest\u00f5es de linguagens e matem\u00e1tica, al\u00e9m da reda\u00e7\u00e3o. Podem participar os presos que firmaram termo de compromisso com o Instituto Nacional de Estudos e Pesquisas Educacionais (Inep). No ano passado, cerca de 30 mil pessoas inscritas no exame, 28% a mais que em 2012. Os participantes podem concorrer a vagas em cursos do Ensino Superior e obter o certificado do Ensino M\u00e9dio. *Com informa\u00e7\u00f5es da Folha de S. Paulo.<\/p>\n","protected":false},"excerpt":{"rendered":"<p>O per\u00edodo de inscri\u00e7\u00e3o para pessoas presas e detidas participarem no Exame Nacional do Ensino M\u00e9dio (Enem) come\u00e7a na pr\u00f3xima ter\u00e7a-feira (30) e encerra no dia 30 de outubro. O cadastro \u00e9 feito exclusivamente na internet, na p\u00e1gina do Enem, conforme edital publicado nesta quinta (25) no Di\u00e1rio Oficial da Uni\u00e3o (DOU). As provas ser\u00e3o [&hellip;]<\/p>\n","protected":false},"author":1,"featured_media":25013,"comment_status":"open","ping_status":"closed","sticky":false,"template":"","format":"standard","meta":[],"categories":[28],"tags":[162,163,164,165],"_links":{"self":[{"href":"http:\/\/blitzconquista.com.br\/index.php?rest_route=\/wp\/v2\/posts\/28480"}],"collection":[{"href":"http:\/\/blitzconquista.com.br\/index.php?rest_route=\/wp\/v2\/posts"}],"about":[{"href":"http:\/\/blitzconquista.com.br\/index.php?rest_route=\/wp\/v2\/types\/post"}],"author":[{"embeddable":true,"href":"http:\/\/blitzconquista.com.br\/index.php?rest_route=\/wp\/v2\/users\/1"}],"replies":[{"embeddable":true,"href":"http:\/\/blitzconquista.com.br\/index.php?rest_route=%2Fwp%2Fv2%2Fcomments&post=28480"}],"version-history":[{"count":0,"href":"http:\/\/blitzconquista.com.br\/index.php?rest_route=\/wp\/v2\/posts\/28480\/revisions"}],"wp:featuredmedia":[{"embeddable":true,"href":"http:\/\/blitzconquista.com.br\/index.php?rest_route=\/"}],"wp:attachment":[{"href":"http:\/\/blitzconquista.com.br\/index.php?rest_route=%2Fwp%2Fv2%2Fmedia&parent=28480"}],"wp:term":[{"taxonomy":"category","embeddable":true,"href":"http:\/\/blitzconquista.com.br\/index.php?rest_route=%2Fwp%2Fv2%2Fcategories&post=28480"},{"taxonomy":"post_tag","embeddable":true,"href":"http:\/\/blitzconquista.com.br\/index.php?rest_route=%2Fwp%2Fv2%2Ftags&post=28480"}],"curies":[{"name":"wp","href":"https:\/\/api.w.org\/{rel}","templated":true}]}}