{"id":28537,"date":"2014-09-27T22:27:12","date_gmt":"2014-09-28T01:27:12","guid":{"rendered":"http:\/\/blitzconquista.com.br\/new\/?p=28537"},"modified":"2014-09-27T22:27:12","modified_gmt":"2014-09-28T01:27:12","slug":"vitoria-da-conquista-anuncia-a-contratacao-do-zagueiro-jadson-e-do-preparador-fisico-dimas-borges","status":"publish","type":"post","link":"http:\/\/blitzconquista.com.br\/?p=28537","title":{"rendered":"Vit\u00f3ria da Conquista anuncia a contrata\u00e7\u00e3o do zagueiro Jadson e do preparador f\u00edsico Dimas Borges"},"content":{"rendered":"<p>O Vit\u00f3ria da Conquista segue se refor\u00e7ando para a disputa da Copa Governandor do Estado, que come\u00e7a no pr\u00f3ximo dia 19 de outubro valendo vaga na Copa do Brasil ou no Campeonato Brasileiro da serie D de 2015.<\/p>\n<p>Na tarde desta sexta (26), a diretoria do Bode anunciou atrav\u00e9s do seu site oficial a contrata\u00e7\u00e3o do zagueiro Jadson, que teve passagens pelo Sampaio Correia-MA e Fluminense de Feira.<\/p>\n<p>Al\u00e9m do atleta, a diretoria contratou o novo Preparador F\u00edsico para a disputa da Copa Governador do Estado. Trata-se de Dimas Borges (foto), que tem passagens por clubes como Goian\u00e9sia\/GO, Veran\u00f3polis\/RS e Uni\u00e3o Frederiquense\/RS, Vila Autora\/MT, entre outros.<\/p>\n<p>O Vit\u00f3ria da Conquista apresentar\u00e1 o seu elenco para a disputa da Copa Governador do Estado na pr\u00f3xima segunda feira, dia 29, \u00e0s 16 horas no Est\u00e1dio Lomanto J\u00fanior.<\/p>\n<p>Na oportunidade, al\u00e9m dos atletas que permaneceram no elenco, os novos contratados iniciar\u00e3o trabalho com todo o elenco em busca do tetra campeonato da Copa Governador do Estado.<\/p>\n<p>At\u00e9 o momento a diretoria ainda n\u00e3o anunciou o nome do treinador que ir\u00e1 comandar a equipe. <em>*Por Luciano Pina \/ Cidade Esportes<\/em><\/p>\n","protected":false},"excerpt":{"rendered":"<p>O Vit\u00f3ria da Conquista segue se refor\u00e7ando para a disputa da Copa Governandor do Estado, que come\u00e7a no pr\u00f3ximo dia 19 de outubro valendo vaga na Copa do Brasil ou no Campeonato Brasileiro da serie D de 2015. Na tarde desta sexta (26), a diretoria do Bode anunciou atrav\u00e9s do seu site oficial a contrata\u00e7\u00e3o [&hellip;]<\/p>\n","protected":false},"author":1,"featured_media":28538,"comment_status":"open","ping_status":"closed","sticky":false,"template":"","format":"standard","meta":[],"categories":[1],"tags":[],"_links":{"self":[{"href":"http:\/\/blitzconquista.com.br\/index.php?rest_route=\/wp\/v2\/posts\/28537"}],"collection":[{"href":"http:\/\/blitzconquista.com.br\/index.php?rest_route=\/wp\/v2\/posts"}],"about":[{"href":"http:\/\/blitzconquista.com.br\/index.php?rest_route=\/wp\/v2\/types\/post"}],"author":[{"embeddable":true,"href":"http:\/\/blitzconquista.com.br\/index.php?rest_route=\/wp\/v2\/users\/1"}],"replies":[{"embeddable":true,"href":"http:\/\/blitzconquista.com.br\/index.php?rest_route=%2Fwp%2Fv2%2Fcomments&post=28537"}],"version-history":[{"count":0,"href":"http:\/\/blitzconquista.com.br\/index.php?rest_route=\/wp\/v2\/posts\/28537\/revisions"}],"wp:featuredmedia":[{"embeddable":true,"href":"http:\/\/blitzconquista.com.br\/index.php?rest_route=\/"}],"wp:attachment":[{"href":"http:\/\/blitzconquista.com.br\/index.php?rest_route=%2Fwp%2Fv2%2Fmedia&parent=28537"}],"wp:term":[{"taxonomy":"category","embeddable":true,"href":"http:\/\/blitzconquista.com.br\/index.php?rest_route=%2Fwp%2Fv2%2Fcategories&post=28537"},{"taxonomy":"post_tag","embeddable":true,"href":"http:\/\/blitzconquista.com.br\/index.php?rest_route=%2Fwp%2Fv2%2Ftags&post=28537"}],"curies":[{"name":"wp","href":"https:\/\/api.w.org\/{rel}","templated":true}]}}