{"id":28620,"date":"2014-09-30T11:59:38","date_gmt":"2014-09-30T14:59:38","guid":{"rendered":"http:\/\/blitzconquista.com.br\/new\/?p=28620"},"modified":"2014-09-30T11:59:38","modified_gmt":"2014-09-30T14:59:38","slug":"governo-municipal-construira-sistemas-de-drenagem-nos-povoados-de-gameleira-e-sao-joaquim","status":"publish","type":"post","link":"http:\/\/blitzconquista.com.br\/?p=28620","title":{"rendered":"Governo Municipal construir\u00e1 sistemas de drenagem nos povoados de Gameleira e S\u00e3o Joaquim"},"content":{"rendered":"<div id=\"stcpDiv\"><strong>Os sistemas permitir\u00e3o que as \u00e1guas da chuva passem pelos locais sem impedir a livre circula\u00e7\u00e3o de ve\u00edculos<\/strong><\/div>\n<div>\n<div id=\"stcpDiv\">\n<p>A semana come\u00e7ou de forma positiva para as cerca de 150 pessoas que participaram de uma reuni\u00e3o na tarde dessa segunda-feira, 29, no povoado de S\u00e3o Joaquim, a pouco mais de vinte quil\u00f4metros da \u00e1rea urbana de Vit\u00f3ria da Conquista. O grupo recebeu do prefeito Guilherme Menezes a not\u00edcia de que dois sistemas de drenagem ser\u00e3o constru\u00eddos pela Prefeitura na regi\u00e3o: um em S\u00e3o Joaquim e outro na Gameleira, a aproximadamente seis quil\u00f4metros dali.<\/p>\n<p><a href=\"http:\/\/www.pmvc.ba.gov.br\/v2\/wp-content\/uploads\/SEC_3900.jpg\" rel=\"shadowbox\"><img decoding=\"async\" loading=\"lazy\" class=\" wp-image-77318   alignright\" title=\"SEC_3900\" src=\"http:\/\/www.pmvc.ba.gov.br\/v2\/wp-content\/uploads\/SEC_3900-264x399.jpg\" alt=\"\" width=\"95\" height=\"143\" \/><\/a><\/p>\n<p>Em ambos os locais, h\u00e1 pontos de passagem de \u00e1gua que costumam causar transtornos em per\u00edodos de chuva. O grande volume de \u00e1gua interdita a estrada e impede a circula\u00e7\u00e3o de ve\u00edculos \u2013 algo de que a dom\u00e9stica Ana C\u00e9lia Silva, 29 anos, se recorda com nitidez. \u201cSe o riacho estivesse cheio, os carros n\u00e3o podiam passar\u201d, contou ela, ap\u00f3s a reuni\u00e3o em que soube da constru\u00e7\u00e3o dos dois sistemas de drenagem. \u201c\u00c9 um trabalho de grande import\u00e2ncia para a popula\u00e7\u00e3o. Vem para beneficiar a todos\u201d, acrescentou Ana C\u00e9lia.<\/p>\n<p><a href=\"http:\/\/www.pmvc.ba.gov.br\/v2\/wp-content\/uploads\/SEC_3828.jpg\" rel=\"shadowbox\"><img decoding=\"async\" loading=\"lazy\" class=\" wp-image-77320   alignleft\" title=\"SEC_3828\" src=\"http:\/\/www.pmvc.ba.gov.br\/v2\/wp-content\/uploads\/SEC_3828-264x399.jpg\" alt=\"\" width=\"95\" height=\"143\" \/><\/a><\/p>\n<p>Os transtornos que eram causados pelas \u00e1guas das chuvas tamb\u00e9m fazem parte da mem\u00f3ria do motorista Hilvone Lopes, o popular \u201cNego\u201d. Propriet\u00e1rio de uma van, ele trabalha h\u00e1 onze anos no transporte de pessoas de Bate-P\u00e9 a Vit\u00f3ria da Conquista. Quando os dois pontos estavam com grande quantidade de \u00e1gua, ele tinha de parar o ve\u00edculo e esperar por mais de uma hora, at\u00e9 que a correnteza baixasse e permitisse que o autom\u00f3vel atravessasse. \u201cPara a gente, vai ser muito bom\u201d, disse \u201cNego\u201d. \u201cAcredito que n\u00e3o teremos mais o gasto de tempo que t\u00ednhamos, quando precis\u00e1vamos esperar a \u00e1gua baixar\u201d.<\/p>\n<p><a href=\"http:\/\/www.pmvc.ba.gov.br\/v2\/wp-content\/uploads\/SEC_3903.jpg\" rel=\"shadowbox\"><img decoding=\"async\" loading=\"lazy\" class=\" wp-image-77319   alignright\" title=\"SEC_3903\" src=\"http:\/\/www.pmvc.ba.gov.br\/v2\/wp-content\/uploads\/SEC_3903-264x399.jpg\" alt=\"\" width=\"95\" height=\"143\" \/><\/a><\/p>\n<p><strong>\u2018\u00d3tima ideia\u2019<\/strong>\u2013 O sistema de drenagem da Gameleira j\u00e1 foi iniciado pela Prefeitura. Logo de in\u00edcio, um desvio foi providenciado para que os ve\u00edculos continuassem a trafegar livremente pelo local, enquanto durar o tempo de constru\u00e7\u00e3o do sistema. A ideia consiste na instala\u00e7\u00e3o de tr\u00eas grandes tubos de concreto, cada um com dez metros de extens\u00e3o e formado por manilhas com 1,5 metro de di\u00e2metro. Um sistema id\u00eantico ser\u00e1 constru\u00eddo em S\u00e3o Joaquim. \u201c\u00c9 um \u00f3timo servi\u00e7o. Uma \u00f3tima ideia\u201d, comemorou a presidente do conselho local de sa\u00fade, Eva do Prado.<\/p>\n<p><a href=\"http:\/\/www.pmvc.ba.gov.br\/v2\/wp-content\/uploads\/SEC_3845.jpg\" rel=\"shadowbox\"><img decoding=\"async\" loading=\"lazy\" class=\" wp-image-77321   alignleft\" title=\"SEC_3845\" src=\"http:\/\/www.pmvc.ba.gov.br\/v2\/wp-content\/uploads\/SEC_3845-264x399.jpg\" alt=\"\" width=\"95\" height=\"143\" \/><\/a><\/p>\n<p>As obras, feitas com recursos pr\u00f3prios pelo Governo Municipal, beneficiar\u00e3o as comunidades de Ribeir\u00e3o, Pau Ferro, Bate-P\u00e9, Braga, Mam\u00e3o, Lagoa de Jo\u00e3o Moraes, Mota e Santa Rita \u2013 al\u00e9m, obviamente, de Gameleira e S\u00e3o Joaquim. E n\u00e3o se trata do primeiro benef\u00edcio que a Prefeitura leva \u00e0 regi\u00e3o de Bate-P\u00e9. Das 11 barragens constru\u00eddas em 2013, nada menos que seis foram nesse trecho da zona rural do munic\u00edpio. Este ano, duas outras j\u00e1 foram anunciadas pelo Governo Municipal, nos povoados de S\u00e3o Joaquim II (antiga Capoeira Grande) e Po\u00e7o do Gato. \u201cA melhor maneira de dizer \u00e9 fazer. E o Governo Municipal tem feito bastante\u201d, observou o secret\u00e1rio municipal de Agricultura, Odir Freire.<\/p>\n<p><a href=\"http:\/\/www.pmvc.ba.gov.br\/v2\/wp-content\/uploads\/SEC_3884.jpg\" rel=\"shadowbox\"><img decoding=\"async\" loading=\"lazy\" class=\"wp-image-77316 alignright\" title=\"SEC_3884\" src=\"http:\/\/www.pmvc.ba.gov.br\/v2\/wp-content\/uploads\/SEC_3884-598x399.jpg\" alt=\"\" width=\"291\" height=\"194\" \/><\/a>Na \u00faltima semana, por exemplo, a Administra\u00e7\u00e3o Municipal entregou aos moradores de S\u00e3o Joaquim um novo posto de sa\u00fade, totalmente reconstru\u00eddo com recursos pr\u00f3prios. \u201cQuero agradecer ao Governo Municipal por todas as obras realizadas nesta regi\u00e3o. Essas barragens v\u00e3o viabilizar o ac\u00famulo de \u00e1gua na zona rural\u201d, afirmou o gerente regional e morador da regi\u00e3o, J\u00fanior Figueiredo.<\/p>\n<p><strong>\u2018Mais direitos\u2019<\/strong> \u2013 Segundo o prefeito Guilherme Menezes, a participa\u00e7\u00e3o popular foi decisiva para que a Prefeitura inclu\u00edsse em sua programa\u00e7\u00e3o a constru\u00e7\u00e3o dos dois sistemas de drenagem. \u201cAs pessoas devem se organizar para conquistar mais direitos\u201d, disse. \u201cLogo, as m\u00e1quinas estar\u00e3o a\u00ed. \u00c9 um direito de voc\u00eas\u201d, acrescentou.<\/p>\n<p>A participa\u00e7\u00e3o popular, t\u00e3o importante na hist\u00f3ria das conquistas sociais, tamb\u00e9m foi exaltada pelo l\u00edder da bancada governista na C\u00e2mara Municipal, Florisvaldo Bittencourt: \u201cQuando voc\u00ea une e fortalece as lideran\u00e7as locais, voc\u00ea tamb\u00e9m potencializa a comunidade para que ela possa resolver os seus problemas\u201d. *Secom<\/p>\n<\/div>\n<\/div>\n","protected":false},"excerpt":{"rendered":"<p>Os sistemas permitir\u00e3o que as \u00e1guas da chuva passem pelos locais sem impedir a livre circula\u00e7\u00e3o de ve\u00edculos A semana come\u00e7ou de forma positiva para as cerca de 150 pessoas que participaram de uma reuni\u00e3o na tarde dessa segunda-feira, 29, no povoado de S\u00e3o Joaquim, a pouco mais de vinte quil\u00f4metros da \u00e1rea urbana de [&hellip;]<\/p>\n","protected":false},"author":1,"featured_media":28622,"comment_status":"open","ping_status":"closed","sticky":false,"template":"","format":"standard","meta":[],"categories":[4],"tags":[],"_links":{"self":[{"href":"http:\/\/blitzconquista.com.br\/index.php?rest_route=\/wp\/v2\/posts\/28620"}],"collection":[{"href":"http:\/\/blitzconquista.com.br\/index.php?rest_route=\/wp\/v2\/posts"}],"about":[{"href":"http:\/\/blitzconquista.com.br\/index.php?rest_route=\/wp\/v2\/types\/post"}],"author":[{"embeddable":true,"href":"http:\/\/blitzconquista.com.br\/index.php?rest_route=\/wp\/v2\/users\/1"}],"replies":[{"embeddable":true,"href":"http:\/\/blitzconquista.com.br\/index.php?rest_route=%2Fwp%2Fv2%2Fcomments&post=28620"}],"version-history":[{"count":0,"href":"http:\/\/blitzconquista.com.br\/index.php?rest_route=\/wp\/v2\/posts\/28620\/revisions"}],"wp:featuredmedia":[{"embeddable":true,"href":"http:\/\/blitzconquista.com.br\/index.php?rest_route=\/"}],"wp:attachment":[{"href":"http:\/\/blitzconquista.com.br\/index.php?rest_route=%2Fwp%2Fv2%2Fmedia&parent=28620"}],"wp:term":[{"taxonomy":"category","embeddable":true,"href":"http:\/\/blitzconquista.com.br\/index.php?rest_route=%2Fwp%2Fv2%2Fcategories&post=28620"},{"taxonomy":"post_tag","embeddable":true,"href":"http:\/\/blitzconquista.com.br\/index.php?rest_route=%2Fwp%2Fv2%2Ftags&post=28620"}],"curies":[{"name":"wp","href":"https:\/\/api.w.org\/{rel}","templated":true}]}}