{"id":28624,"date":"2014-09-30T12:20:37","date_gmt":"2014-09-30T15:20:37","guid":{"rendered":"http:\/\/blitzconquista.com.br\/new\/?p=28624"},"modified":"2014-09-30T12:20:37","modified_gmt":"2014-09-30T15:20:37","slug":"primeiro-dia-de-greve-tem-100-de-agencias-fechadas-em-conquista-afirma-sindicato","status":"publish","type":"post","link":"http:\/\/blitzconquista.com.br\/?p=28624","title":{"rendered":"Primeiro dia de greve tem 100% de ag\u00eancias fechadas em Conquista, afirma sindicato"},"content":{"rendered":"<p>O primeiro dia de greve dos banc\u00e1rios foi marcado pela grande ades\u00e3o da categoria. Em Vit\u00f3ria da Conquista, por exemplo, todas as ag\u00eancias foram fechadas, afirma o Sindicato dos Banc\u00e1rios. Nas cidades de Brumado, Itapetinga e Po\u00e7\u00f5es, a mobiliza\u00e7\u00e3o tamb\u00e9m se manteve forte e os bancos n\u00e3o funcionaram.<\/p>\n<p>A greve \u00e9 uma resposta a forma desrespeitosa que os bancos v\u00eam tratando os seus trabalhadores. Na \u00faltima negocia\u00e7\u00e3o, que aconteceu no dia 27, a Federa\u00e7\u00e3o Nacional dos Bancos (Fenaban) ofereceu de reajuste salarial 7,35%, o que representa apenas 0,94% de aumento real ao se descontar a infla\u00e7\u00e3o do per\u00edodo.<\/p>\n<p>Os banc\u00e1rios de todo o pa\u00eds est\u00e3o reivindicando 12,5% de reajuste salarial, al\u00e9m de pautas espec\u00edficas sobre manuten\u00e7\u00e3o do emprego, condi\u00e7\u00f5es de trabalho, combate \u00e0s metas abusivas e ass\u00e9dio moral, melhorias na seguran\u00e7a, igualdade de oportunidades e a contrata\u00e7\u00e3o de mais banc\u00e1rios, para que ocorra a melhoria do atendimento ao p\u00fablico.<\/p>\n<p>Segundo o diretor Financeiro do Sindicato, Jornan Almeida, o setor banc\u00e1rio \u00e9 o que mais lucra no pa\u00eds, mas mesmo assim n\u00e3o valoriza os seus trabalhadores. \u201cSomente nos \u00faltimos seis meses, os bancos lucraram, juntos, mais de R$ 35 bilh\u00f5es. Infelizmente, o que vemos dia ap\u00f3s dia \u00e9 a desvaloriza\u00e7\u00e3o e o adoecimento dos banc\u00e1rios, que tanto dedicam suas vidas \u00e0s empresas. Por isso, manteremos a greve at\u00e9 conquistarmos melhores condi\u00e7\u00f5es de trabalho para a categoria\u201d, conclui. Com informa\u00e7\u00f5es do Sindicato dos Banc\u00e1rios<\/p>\n","protected":false},"excerpt":{"rendered":"<p>O primeiro dia de greve dos banc\u00e1rios foi marcado pela grande ades\u00e3o da categoria. Em Vit\u00f3ria da Conquista, por exemplo, todas as ag\u00eancias foram fechadas, afirma o Sindicato dos Banc\u00e1rios. Nas cidades de Brumado, Itapetinga e Po\u00e7\u00f5es, a mobiliza\u00e7\u00e3o tamb\u00e9m se manteve forte e os bancos n\u00e3o funcionaram. A greve \u00e9 uma resposta a forma [&hellip;]<\/p>\n","protected":false},"author":1,"featured_media":28626,"comment_status":"open","ping_status":"closed","sticky":false,"template":"","format":"standard","meta":[],"categories":[4],"tags":[],"_links":{"self":[{"href":"http:\/\/blitzconquista.com.br\/index.php?rest_route=\/wp\/v2\/posts\/28624"}],"collection":[{"href":"http:\/\/blitzconquista.com.br\/index.php?rest_route=\/wp\/v2\/posts"}],"about":[{"href":"http:\/\/blitzconquista.com.br\/index.php?rest_route=\/wp\/v2\/types\/post"}],"author":[{"embeddable":true,"href":"http:\/\/blitzconquista.com.br\/index.php?rest_route=\/wp\/v2\/users\/1"}],"replies":[{"embeddable":true,"href":"http:\/\/blitzconquista.com.br\/index.php?rest_route=%2Fwp%2Fv2%2Fcomments&post=28624"}],"version-history":[{"count":0,"href":"http:\/\/blitzconquista.com.br\/index.php?rest_route=\/wp\/v2\/posts\/28624\/revisions"}],"wp:featuredmedia":[{"embeddable":true,"href":"http:\/\/blitzconquista.com.br\/index.php?rest_route=\/"}],"wp:attachment":[{"href":"http:\/\/blitzconquista.com.br\/index.php?rest_route=%2Fwp%2Fv2%2Fmedia&parent=28624"}],"wp:term":[{"taxonomy":"category","embeddable":true,"href":"http:\/\/blitzconquista.com.br\/index.php?rest_route=%2Fwp%2Fv2%2Fcategories&post=28624"},{"taxonomy":"post_tag","embeddable":true,"href":"http:\/\/blitzconquista.com.br\/index.php?rest_route=%2Fwp%2Fv2%2Ftags&post=28624"}],"curies":[{"name":"wp","href":"https:\/\/api.w.org\/{rel}","templated":true}]}}