{"id":28683,"date":"2014-10-01T13:50:25","date_gmt":"2014-10-01T16:50:25","guid":{"rendered":"http:\/\/blitzconquista.com.br\/new\/?p=28683"},"modified":"2014-10-01T13:50:25","modified_gmt":"2014-10-01T16:50:25","slug":"programa-reforca-enfrentamento-ao-crack-na-bahia","status":"publish","type":"post","link":"http:\/\/blitzconquista.com.br\/?p=28683","title":{"rendered":"Programa refor\u00e7a enfrentamento ao crack na Bahia"},"content":{"rendered":"<p><strong>Vit\u00f3ria da Conquista est\u00e1 entre as cidades contempladas com o programa<\/strong><br \/>\nA partir desta quarta-feira (1), as a\u00e7\u00f5es de preven\u00e7\u00e3o e enfrentamento ao uso do crack na Bahia ganham um refor\u00e7o por meio das a\u00e7\u00f5es do programa \u2018Crack, \u00e9 Poss\u00edvel Vencer\u2019. A iniciativa do governo federal, implantada via Secretaria da Seguran\u00e7a P\u00fablica do Estado (SSP) e lan\u00e7ada pela manh\u00e3, no Porto da Barra, em Salvador, consiste na opera\u00e7\u00e3o integrada entre policiais civis e militares, al\u00e9m da Guarda Municipal e outros \u00f3rg\u00e3os estaduais e municipais de sa\u00fade e assist\u00eancia social.<\/p>\n<p>Para auxiliar o trabalho dos profissionais, a infraestrutura utilizada conta com unidades m\u00f3veis, c\u00e2meras de videomonitoramento e viaturas, num investimento total de R$ 4,5 milh\u00f5es. O evento de lan\u00e7amento teve a presen\u00e7a do secret\u00e1rio da Seguran\u00e7a P\u00fablica, Maur\u00edcio Barbosa, e do comandante geral da Pol\u00edcia Militar, Coronel Alfredo Castro.<br \/>\n<img decoding=\"async\" loading=\"lazy\" class=\"size-full wp-image-28685 aligncenter\" src=\"http:\/\/blitzconquista.com.br\/new\/wp-content\/uploads\/2014\/10\/1412173033011014CG031.jpg\" alt=\"Lan\u00e7amento do prorama &quot;Crack, \u00e9 poss\u00edvel vencer&quot; Foto: Carol Garcia\/GOVBA\" width=\"590\" height=\"390\" \/><br \/>\nA duas primeiras \u00e1reas a receber as a\u00e7\u00f5es na capital baiana s\u00e3o o bairro da Barra e o Centro Hist\u00f3rico, onde os \u00f4nibus j\u00e1 podem ser vistos no Porto da Barra e no Terreiro de Jesus, respectivamente. A unidade do Centro Hist\u00f3rico compreende tamb\u00e9m a regi\u00e3o das Sete Portas.<\/p>\n<p>As equipes do programa atuar\u00e3o ainda nas cidades de Cama\u00e7ari, na Regi\u00e3o Metropolitana de Salvador (RMS), Itabuna, no sul do estado, Feira de Santana, a 108 quil\u00f4metros da capital, Juazeiro, no norte, e Vit\u00f3ria da Conquista, no sudoeste. Al\u00e9m das sete c\u00e2meras, quatro viaturas, 50 pistolas el\u00e9tricas e 150 sprays de pimenta, cada unidade tem o refor\u00e7o de trinta policiais militares, quatro civis e cinco guardas municipais.<\/p>\n<p>Segundo o secret\u00e1rio Maur\u00edcio Barbosa, a estrat\u00e9gia permite integrar o trabalho da pol\u00edcia ao tratamento para os usu\u00e1rios, por meio do encaminhamento para atendimento na rede de Centros de Atendimento Psicossocial (Caps) e outros servi\u00e7os. \u201c\u00c9 uma inova\u00e7\u00e3o no que se refere ao tratamento e ao cuidado que est\u00e3o hoje dependentes do crack, em especial, mas tamb\u00e9m de outras drogas, e o que antes era um trabalho apenas de repress\u00e3o policial agora se integra entre o policiamento ostensivo, o acolhimento e o encaminhamento \u00e0 \u00e1rea de sa\u00fade\u201d. *Ascom \/ Fotos: Carol Garcia\/GOVBA<\/p>\n","protected":false},"excerpt":{"rendered":"<p>Vit\u00f3ria da Conquista est\u00e1 entre as cidades contempladas com o programa A partir desta quarta-feira (1), as a\u00e7\u00f5es de preven\u00e7\u00e3o e enfrentamento ao uso do crack na Bahia ganham um refor\u00e7o por meio das a\u00e7\u00f5es do programa \u2018Crack, \u00e9 Poss\u00edvel Vencer\u2019. A iniciativa do governo federal, implantada via Secretaria da Seguran\u00e7a P\u00fablica do Estado (SSP) [&hellip;]<\/p>\n","protected":false},"author":1,"featured_media":28684,"comment_status":"open","ping_status":"closed","sticky":false,"template":"","format":"standard","meta":[],"categories":[3],"tags":[],"_links":{"self":[{"href":"http:\/\/blitzconquista.com.br\/index.php?rest_route=\/wp\/v2\/posts\/28683"}],"collection":[{"href":"http:\/\/blitzconquista.com.br\/index.php?rest_route=\/wp\/v2\/posts"}],"about":[{"href":"http:\/\/blitzconquista.com.br\/index.php?rest_route=\/wp\/v2\/types\/post"}],"author":[{"embeddable":true,"href":"http:\/\/blitzconquista.com.br\/index.php?rest_route=\/wp\/v2\/users\/1"}],"replies":[{"embeddable":true,"href":"http:\/\/blitzconquista.com.br\/index.php?rest_route=%2Fwp%2Fv2%2Fcomments&post=28683"}],"version-history":[{"count":0,"href":"http:\/\/blitzconquista.com.br\/index.php?rest_route=\/wp\/v2\/posts\/28683\/revisions"}],"wp:featuredmedia":[{"embeddable":true,"href":"http:\/\/blitzconquista.com.br\/index.php?rest_route=\/"}],"wp:attachment":[{"href":"http:\/\/blitzconquista.com.br\/index.php?rest_route=%2Fwp%2Fv2%2Fmedia&parent=28683"}],"wp:term":[{"taxonomy":"category","embeddable":true,"href":"http:\/\/blitzconquista.com.br\/index.php?rest_route=%2Fwp%2Fv2%2Fcategories&post=28683"},{"taxonomy":"post_tag","embeddable":true,"href":"http:\/\/blitzconquista.com.br\/index.php?rest_route=%2Fwp%2Fv2%2Ftags&post=28683"}],"curies":[{"name":"wp","href":"https:\/\/api.w.org\/{rel}","templated":true}]}}