{"id":28691,"date":"2014-10-01T21:16:03","date_gmt":"2014-10-02T00:16:03","guid":{"rendered":"http:\/\/blitzconquista.com.br\/new\/?p=28691"},"modified":"2014-10-01T21:16:03","modified_gmt":"2014-10-02T00:16:03","slug":"aviao-com-ex-deputado-faz-pouso-forcado-e-bate-em-arvores","status":"publish","type":"post","link":"http:\/\/blitzconquista.com.br\/?p=28691","title":{"rendered":"Avi\u00e3o com ex-deputado faz pouso for\u00e7ado e bate em \u00e1rvores"},"content":{"rendered":"<p>Na tarde desta quarta-feira, 01, a aeronave de Jo\u00e3o Bonfim, conselheiro do Tribunal de Contas do Estado e ex-deputado, fez um pouso for\u00e7ando na cidade de Boquira, interior da Bahia.<\/p>\n<p>O piloto perdeu o controle quando a aeronave tocou o solo e saiu da pista colidindo em algumas arvores. O avi\u00e3o modelo Cirrus SR-22 de pequeno porte, para uso executivo, de passeio e turismo, ficou destru\u00eddo. Ningu\u00e9m ficou ferido.<\/p>\n<figure id=\"attachment_28692\" aria-describedby=\"caption-attachment-28692\" style=\"width: 558px\" class=\"wp-caption aligncenter\"><img decoding=\"async\" loading=\"lazy\" class=\"wp-image-28692 \" src=\"http:\/\/blitzconquista.com.br\/new\/wp-content\/uploads\/2014\/10\/pouso-avi\u00e3o.jpg\" alt=\"pouso avi\u00e3o\" width=\"558\" height=\"369\" \/><figcaption id=\"caption-attachment-28692\" class=\"wp-caption-text\">Cinegrafista amador registrou momento do pouso for\u00e7ado. Ningu\u00e9m ficou ferido.<\/figcaption><\/figure>\n<p>Al\u00e9m do ex-deputado, outras tr\u00eas pessoas ocupavam a aeronave.<\/p>\n<p>Houve rumores de que o filho de Jo\u00e3o, Vitor Bonfim, estaria a bordo, entretanto a informa\u00e7\u00e3o foi negada.<br \/>\n<script type=\"text\/javascript\">\n<!--\ndescrColor=\"000000\";titleColor=\"000000\";urlColor=\"A6A6A6\";borderColor=\"FFFFFF\";bgColor=\"FFFFFF\";altColor=\"FFFFFF\";coddisplaysupplier=\"fa87fb35d41d4591a00b91b79f0e3137\";formatId=\"2\";numads=\"2\";deslabel=\"480blue\";type=\"1\";\n-->\n<\/script><br \/>\n<script type=\"text\/javascript\" src=\"http:\/\/adrequisitor-af.lp.uol.com.br\/uolaf.js\"><\/script><\/p>\n","protected":false},"excerpt":{"rendered":"<p>Na tarde desta quarta-feira, 01, a aeronave de Jo\u00e3o Bonfim, conselheiro do Tribunal de Contas do Estado e ex-deputado, fez um pouso for\u00e7ando na cidade de Boquira, interior da Bahia. O piloto perdeu o controle quando a aeronave tocou o solo e saiu da pista colidindo em algumas arvores. O avi\u00e3o modelo Cirrus SR-22 de [&hellip;]<\/p>\n","protected":false},"author":1,"featured_media":28693,"comment_status":"open","ping_status":"closed","sticky":false,"template":"","format":"standard","meta":[],"categories":[4],"tags":[],"_links":{"self":[{"href":"http:\/\/blitzconquista.com.br\/index.php?rest_route=\/wp\/v2\/posts\/28691"}],"collection":[{"href":"http:\/\/blitzconquista.com.br\/index.php?rest_route=\/wp\/v2\/posts"}],"about":[{"href":"http:\/\/blitzconquista.com.br\/index.php?rest_route=\/wp\/v2\/types\/post"}],"author":[{"embeddable":true,"href":"http:\/\/blitzconquista.com.br\/index.php?rest_route=\/wp\/v2\/users\/1"}],"replies":[{"embeddable":true,"href":"http:\/\/blitzconquista.com.br\/index.php?rest_route=%2Fwp%2Fv2%2Fcomments&post=28691"}],"version-history":[{"count":0,"href":"http:\/\/blitzconquista.com.br\/index.php?rest_route=\/wp\/v2\/posts\/28691\/revisions"}],"wp:featuredmedia":[{"embeddable":true,"href":"http:\/\/blitzconquista.com.br\/index.php?rest_route=\/"}],"wp:attachment":[{"href":"http:\/\/blitzconquista.com.br\/index.php?rest_route=%2Fwp%2Fv2%2Fmedia&parent=28691"}],"wp:term":[{"taxonomy":"category","embeddable":true,"href":"http:\/\/blitzconquista.com.br\/index.php?rest_route=%2Fwp%2Fv2%2Fcategories&post=28691"},{"taxonomy":"post_tag","embeddable":true,"href":"http:\/\/blitzconquista.com.br\/index.php?rest_route=%2Fwp%2Fv2%2Ftags&post=28691"}],"curies":[{"name":"wp","href":"https:\/\/api.w.org\/{rel}","templated":true}]}}