{"id":28936,"date":"2014-10-07T16:15:40","date_gmt":"2014-10-07T19:15:40","guid":{"rendered":"http:\/\/blitzconquista.com.br\/new\/?p=28936"},"modified":"2014-10-07T16:15:40","modified_gmt":"2014-10-07T19:15:40","slug":"camara-discute-organizacao-do-transito-em-vitoria-da-conquista-see-more-at-httpblogdofabiosena-com-brv2sthash-xuvazfdk-dpuf","status":"publish","type":"post","link":"http:\/\/blitzconquista.com.br\/?p=28936","title":{"rendered":"C\u00e2mara discute organiza\u00e7\u00e3o do tr\u00e2nsito em Vit\u00f3ria da Conquista"},"content":{"rendered":"<p>A C\u00e2mara Municipal de Vit\u00f3ria da Conquista realiza nesta quarta-feira (6), sess\u00e3o especial para discutir a import\u00e2ncia da Semana Nacional do Tr\u00e2nsito, realizada entre os dias 18 e 25 de setembro. Em 2014 o tema da Semana do Tr\u00e2nsito foi \u201cD\u00e9cada Mundial de A\u00e7\u00f5es para a Seguran\u00e7a do Tr\u00e2nsito \u2013 2011\/2020: Cidade para as pessoas: Prote\u00e7\u00e3o e Prioridade ao Pedestre\u201d.<\/p>\n<div style=\"float: right;margin:0 10px 10px 0;\"><script type=\"text\/javascript\">\n<!--\ndescrColor=\"000000\";titleColor=\"000000\";urlColor=\"A6A6A6\";borderColor=\"FFFFFF\";bgColor=\"FFFFFF\";altColor=\"FFFFFF\";coddisplaysupplier=\"fa87fb35d41d4591a00b91b79f0e3137\";formatId=\"8\";numads=\"2\";deslabel=\"entretexto\";type=\"1\";\n-->\n<\/script><br \/>\n<script type=\"text\/javascript\" src=\"http:\/\/adrequisitor-af.lp.uol.com.br\/uolaf.js\"><\/script><\/p>\n<\/div>\n<p>A sess\u00e3o \u00e9 uma iniciativa do Bloco Parlamentar, composto pelos vereadores Adinilson Pereira (PSB), C\u00edcero Cust\u00f3dio (PV), Gilzete Moreira (PSB) e Juv\u00eancio da Sa\u00fade (PV). Prevista na Lei 9.503, de 23 de setembro de 1997 \u2013 C\u00f3digo de Tr\u00e2nsito Brasileiro, a Semana Nacional de Tr\u00e2nsito tem a finalidade de conscientizar a sociedade, com vistas \u00e0 internaliza\u00e7\u00e3o de valores que contribuam para a cria\u00e7\u00e3o de um ambiente favor\u00e1vel ao atendimento de seu compromisso com a \u201cvaloriza\u00e7\u00e3o da vida\u201d focando o desenvolvimento de valores, posturas e atitudes, no sentido de garantir o direito de ir e vir dos cidad\u00e3os.<br \/>\nDurante a sess\u00e3o especial, o Bloco parlamentar ainda pretende discutir alternativas e a\u00e7\u00f5es voltadas para o desenvolvimento da mobilidade urbana em Vit\u00f3ria da Conquista. Entre os temas a serem debatidos tamb\u00e9m est\u00e3o: organiza\u00e7\u00e3o e adequa\u00e7\u00e3o do tr\u00e2nsito, al\u00e9m da conscientiza\u00e7\u00e3o de motoristas e pedestres sobre a import\u00e2ncia das leis de tr\u00e2nsito.<\/p>\n","protected":false},"excerpt":{"rendered":"<p>A C\u00e2mara Municipal de Vit\u00f3ria da Conquista realiza nesta quarta-feira (6), sess\u00e3o especial para discutir a import\u00e2ncia da Semana Nacional do Tr\u00e2nsito, realizada entre os dias 18 e 25 de setembro. Em 2014 o tema da Semana do Tr\u00e2nsito foi \u201cD\u00e9cada Mundial de A\u00e7\u00f5es para a Seguran\u00e7a do Tr\u00e2nsito \u2013 2011\/2020: Cidade para as pessoas: [&hellip;]<\/p>\n","protected":false},"author":1,"featured_media":28937,"comment_status":"open","ping_status":"closed","sticky":false,"template":"","format":"standard","meta":[],"categories":[7],"tags":[],"_links":{"self":[{"href":"http:\/\/blitzconquista.com.br\/index.php?rest_route=\/wp\/v2\/posts\/28936"}],"collection":[{"href":"http:\/\/blitzconquista.com.br\/index.php?rest_route=\/wp\/v2\/posts"}],"about":[{"href":"http:\/\/blitzconquista.com.br\/index.php?rest_route=\/wp\/v2\/types\/post"}],"author":[{"embeddable":true,"href":"http:\/\/blitzconquista.com.br\/index.php?rest_route=\/wp\/v2\/users\/1"}],"replies":[{"embeddable":true,"href":"http:\/\/blitzconquista.com.br\/index.php?rest_route=%2Fwp%2Fv2%2Fcomments&post=28936"}],"version-history":[{"count":0,"href":"http:\/\/blitzconquista.com.br\/index.php?rest_route=\/wp\/v2\/posts\/28936\/revisions"}],"wp:featuredmedia":[{"embeddable":true,"href":"http:\/\/blitzconquista.com.br\/index.php?rest_route=\/"}],"wp:attachment":[{"href":"http:\/\/blitzconquista.com.br\/index.php?rest_route=%2Fwp%2Fv2%2Fmedia&parent=28936"}],"wp:term":[{"taxonomy":"category","embeddable":true,"href":"http:\/\/blitzconquista.com.br\/index.php?rest_route=%2Fwp%2Fv2%2Fcategories&post=28936"},{"taxonomy":"post_tag","embeddable":true,"href":"http:\/\/blitzconquista.com.br\/index.php?rest_route=%2Fwp%2Fv2%2Ftags&post=28936"}],"curies":[{"name":"wp","href":"https:\/\/api.w.org\/{rel}","templated":true}]}}