{"id":28944,"date":"2014-10-07T16:31:22","date_gmt":"2014-10-07T19:31:22","guid":{"rendered":"http:\/\/blitzconquista.com.br\/new\/?p=28944"},"modified":"2014-10-07T16:31:22","modified_gmt":"2014-10-07T19:31:22","slug":"aviao-da-pm-faz-pouso-forcado-em-salvador","status":"publish","type":"post","link":"http:\/\/blitzconquista.com.br\/?p=28944","title":{"rendered":"Avi\u00e3o da PM faz pouso for\u00e7ado em Salvador"},"content":{"rendered":"<p>Um motoplanador da Pol\u00edcia Militar foi obrigado a fazer um pouso de emerg\u00eancia no final da manh\u00e3 desta ter\u00e7a-feira (7), na regi\u00e3o do aeroporto da capital. Em nota divulgada, a assessoria da PM explicou que a aeronave pertence ao Grupamento A\u00e9reo (Graer) e precisou realizar um pouso controlado de emerg\u00eancia por conta de\u00a0 um problema em um dos trens de pouso do avi\u00e3o.<\/p>\n<div style=\"float: right;margin:0 10px 10px 0;\">\n<p><script type=\"text\/javascript\">\n\tbb_bid = \"1698278\";\n\tbb_lang = \"pt-BR\";\n\tbb_name = \"custom\";\n\tbb_limit = \"4\";\n\tbb_format = \"bbm\";\n<\/script><br \/>\n<script type=\"text\/javascript\" src=\"http:\/\/static.boo-box.com\/javascripts\/embed.js\"><\/script><\/p>\n<\/div>\n<p>Ainda segundo a Pol\u00edcia Militar,\u00a0 o problema foi detectado pelo piloto, que acionou o plano de emerg\u00eancia do aeroporto. O Corpo de Bombeiros espalhou espuma de combate a inc\u00eandio na pista onde a aeronave pousou,\u00a0 para reduzir\u00a0 os riscos no procedimento de pouso.<\/p>\n<p class=\"bodytext\">Os dois pilotos que estavam na aeronave foram conduzidos para o atendimento m\u00e9dico obrigat\u00f3rio e passam bem.<\/p>\n<p>A Aeron\u00e1utica ir\u00e1 realizar os procedimentos de identifica\u00e7\u00e3o das causas do incidente. *IBahia<\/p>\n","protected":false},"excerpt":{"rendered":"<p>Um motoplanador da Pol\u00edcia Militar foi obrigado a fazer um pouso de emerg\u00eancia no final da manh\u00e3 desta ter\u00e7a-feira (7), na regi\u00e3o do aeroporto da capital. Em nota divulgada, a assessoria da PM explicou que a aeronave pertence ao Grupamento A\u00e9reo (Graer) e precisou realizar um pouso controlado de emerg\u00eancia por conta de\u00a0 um problema [&hellip;]<\/p>\n","protected":false},"author":1,"featured_media":28945,"comment_status":"open","ping_status":"closed","sticky":false,"template":"","format":"standard","meta":[],"categories":[3],"tags":[],"_links":{"self":[{"href":"http:\/\/blitzconquista.com.br\/index.php?rest_route=\/wp\/v2\/posts\/28944"}],"collection":[{"href":"http:\/\/blitzconquista.com.br\/index.php?rest_route=\/wp\/v2\/posts"}],"about":[{"href":"http:\/\/blitzconquista.com.br\/index.php?rest_route=\/wp\/v2\/types\/post"}],"author":[{"embeddable":true,"href":"http:\/\/blitzconquista.com.br\/index.php?rest_route=\/wp\/v2\/users\/1"}],"replies":[{"embeddable":true,"href":"http:\/\/blitzconquista.com.br\/index.php?rest_route=%2Fwp%2Fv2%2Fcomments&post=28944"}],"version-history":[{"count":0,"href":"http:\/\/blitzconquista.com.br\/index.php?rest_route=\/wp\/v2\/posts\/28944\/revisions"}],"wp:featuredmedia":[{"embeddable":true,"href":"http:\/\/blitzconquista.com.br\/index.php?rest_route=\/"}],"wp:attachment":[{"href":"http:\/\/blitzconquista.com.br\/index.php?rest_route=%2Fwp%2Fv2%2Fmedia&parent=28944"}],"wp:term":[{"taxonomy":"category","embeddable":true,"href":"http:\/\/blitzconquista.com.br\/index.php?rest_route=%2Fwp%2Fv2%2Fcategories&post=28944"},{"taxonomy":"post_tag","embeddable":true,"href":"http:\/\/blitzconquista.com.br\/index.php?rest_route=%2Fwp%2Fv2%2Ftags&post=28944"}],"curies":[{"name":"wp","href":"https:\/\/api.w.org\/{rel}","templated":true}]}}