{"id":29040,"date":"2014-10-09T11:26:32","date_gmt":"2014-10-09T14:26:32","guid":{"rendered":"http:\/\/blitzconquista.com.br\/new\/?p=29040"},"modified":"2014-10-09T11:26:32","modified_gmt":"2014-10-09T14:26:32","slug":"marina-adia-declaracao-de-apoio-a-aecio-no-segundo-turno","status":"publish","type":"post","link":"http:\/\/blitzconquista.com.br\/?p=29040","title":{"rendered":"Marina adia declara\u00e7\u00e3o de apoio a A\u00e9cio no segundo turno"},"content":{"rendered":"<p>Terceira colocada na disputa pela Presid\u00eancia da Rep\u00fablica, com 21% dos votos v\u00e1lidos, Marina Silva (PSB) desistiu de se pronunciar nesta quinta-feira (9) a favor da candidatura de A\u00e9cio Neves (PSDB) no segundo turno das elei\u00e7\u00f5es. A ex-senadora n\u00e3o definiu uma nova data para declarar apoio a A\u00e9cio.<\/p>\n<p>Marina oficializaria o apoio ao tucano em Bras\u00edlia ap\u00f3s a reuni\u00e3o dos partidos que compunham sua coliga\u00e7\u00e3o, mas desistiu da viagem em cima da hora.<\/p>\n<p>A ex-senadora ficar\u00e1 em S\u00e3o Paulo e avisou a interlocutores que prefere adiar a declara\u00e7\u00e3o p\u00fablica de alian\u00e7a com o PSDB sem fixar nova data.<\/p>\n<p>Cortejada por tucanos e petistas, Marina avaliou que caso conseguisse construir consenso em torno de A\u00e9cio entre os partidos que a apoiaram ao Planalto, poderia ser poupada da fala p\u00fablica sobre o assunto neste momento e se viria livre para esperar os movimentos do tucano em sua dire\u00e7\u00e3o.<br \/>\nComo noticiou a Folha, Marina quer acenos de A\u00e9cio \u00e0 esquerda, principalmente em rela\u00e7\u00e3o aos \u00edndios e Movimento dos Trabalhadores Rurais Sem Terra.<\/p>\n<p>O PSB, legenda que abriga Marina desde outubro de 2013, declarou nesta quarta-feira (8) apoio ao tucano. O PPS tamb\u00e9m fechou com A\u00e9cio.<\/p>\n<p>A Rede, grupo pol\u00edtico liderado pela ex-senadora, deu o aval para que ela se alie ao tucano e liberou os eleitores para votar em branco, nulo ou em A\u00e9cio. PHS, PRP e PSL tendem a seguir as outras legendas. A \u00fanica<\/p>\n<p>resist\u00eancia vem do PPL, que n\u00e3o quer declarar voto nem em A\u00e9cio nem na presidente Dilma Rousseff (PT).<\/p>\n<p>A \u00fanica resist\u00eancia vem do PPL que n\u00e3o deve declarar voto nem para o senador A\u00e9cio neves nem para a presidente Dilma Rousseff.<\/p>\n<p><b>FHC<\/b><\/p>\n<p>Marina visitou na manh\u00e3 de quarta o ex-presidente Fernando Henrique Cardoso. A conversa, segundo relatos, durou cerca de vinte minutos em que o tucano parabenizou a pessebista pelo resultado nas elei\u00e7\u00f5es e se disponibilizou a ser o canal de interlocu\u00e7\u00e3o entre ela e A\u00e9cio. *Folha<\/p>\n","protected":false},"excerpt":{"rendered":"<p>Terceira colocada na disputa pela Presid\u00eancia da Rep\u00fablica, com 21% dos votos v\u00e1lidos, Marina Silva (PSB) desistiu de se pronunciar nesta quinta-feira (9) a favor da candidatura de A\u00e9cio Neves (PSDB) no segundo turno das elei\u00e7\u00f5es. A ex-senadora n\u00e3o definiu uma nova data para declarar apoio a A\u00e9cio. Marina oficializaria o apoio ao tucano em [&hellip;]<\/p>\n","protected":false},"author":1,"featured_media":29041,"comment_status":"open","ping_status":"closed","sticky":false,"template":"","format":"standard","meta":[],"categories":[5],"tags":[],"_links":{"self":[{"href":"http:\/\/blitzconquista.com.br\/index.php?rest_route=\/wp\/v2\/posts\/29040"}],"collection":[{"href":"http:\/\/blitzconquista.com.br\/index.php?rest_route=\/wp\/v2\/posts"}],"about":[{"href":"http:\/\/blitzconquista.com.br\/index.php?rest_route=\/wp\/v2\/types\/post"}],"author":[{"embeddable":true,"href":"http:\/\/blitzconquista.com.br\/index.php?rest_route=\/wp\/v2\/users\/1"}],"replies":[{"embeddable":true,"href":"http:\/\/blitzconquista.com.br\/index.php?rest_route=%2Fwp%2Fv2%2Fcomments&post=29040"}],"version-history":[{"count":0,"href":"http:\/\/blitzconquista.com.br\/index.php?rest_route=\/wp\/v2\/posts\/29040\/revisions"}],"wp:featuredmedia":[{"embeddable":true,"href":"http:\/\/blitzconquista.com.br\/index.php?rest_route=\/"}],"wp:attachment":[{"href":"http:\/\/blitzconquista.com.br\/index.php?rest_route=%2Fwp%2Fv2%2Fmedia&parent=29040"}],"wp:term":[{"taxonomy":"category","embeddable":true,"href":"http:\/\/blitzconquista.com.br\/index.php?rest_route=%2Fwp%2Fv2%2Fcategories&post=29040"},{"taxonomy":"post_tag","embeddable":true,"href":"http:\/\/blitzconquista.com.br\/index.php?rest_route=%2Fwp%2Fv2%2Ftags&post=29040"}],"curies":[{"name":"wp","href":"https:\/\/api.w.org\/{rel}","templated":true}]}}