{"id":29217,"date":"2014-10-14T02:24:28","date_gmt":"2014-10-14T05:24:28","guid":{"rendered":"http:\/\/blitzconquista.com.br\/new\/?p=29217"},"modified":"2014-10-14T02:24:28","modified_gmt":"2014-10-14T05:24:28","slug":"mostra-de-cinema-conquista-entra-em-sua-decima-edicao","status":"publish","type":"post","link":"http:\/\/blitzconquista.com.br\/?p=29217","title":{"rendered":"Mostra de Cinema Conquista entra em sua D\u00e9cima edi\u00e7\u00e3o"},"content":{"rendered":"<p>Na noite do \u00faltimo domingo(12), no Centro de Conven\u00e7\u00f5es Divaldo Franco, foi realizada a abertura na d\u00e9cima edi\u00e7\u00e3o da Mostra Cinema Conquista. V\u00e1rias autoridades e comunidade em geral compareceram ao evento, que segue at\u00e9 o dia 17 de outubro, com a exibi\u00e7\u00e3o de 56 produ\u00e7\u00f5es brasileiras divididas em 22 sess\u00f5es. Ainda no primeiro dia, o ponto alto foi a entrega do trof\u00e9u Mostra Cinema Conquista \u2013 Ano 10 aos familiares do jornalista e cr\u00edtico de cinema, Jo\u00e3o Sampaio, que faleceu este ano e \u00e9 tamb\u00e9m o homenageado nessa d\u00e9cima edi\u00e7\u00e3o, al\u00e9m da exibi\u00e7\u00e3o do document\u00e1rio \u201cReviramundo\u201d, de Glauber Lacerda, e do longa-metragem \u201cRevoada\u201d, de Jos\u00e9 Umberto Dias. Confira a programa\u00e7\u00e3o completa no site <a href=\"www.mostracinemaconquista.com.br\">www.mostracinemaconquista.com.br<\/a>.<\/p>\n","protected":false},"excerpt":{"rendered":"<p>Na noite do \u00faltimo domingo(12), no Centro de Conven\u00e7\u00f5es Divaldo Franco, foi realizada a abertura na d\u00e9cima edi\u00e7\u00e3o da Mostra Cinema Conquista. V\u00e1rias autoridades e comunidade em geral compareceram ao evento, que segue at\u00e9 o dia 17 de outubro, com a exibi\u00e7\u00e3o de 56 produ\u00e7\u00f5es brasileiras divididas em 22 sess\u00f5es. Ainda no primeiro dia, o [&hellip;]<\/p>\n","protected":false},"author":1,"featured_media":29218,"comment_status":"open","ping_status":"closed","sticky":false,"template":"","format":"standard","meta":[],"categories":[4],"tags":[],"_links":{"self":[{"href":"http:\/\/blitzconquista.com.br\/index.php?rest_route=\/wp\/v2\/posts\/29217"}],"collection":[{"href":"http:\/\/blitzconquista.com.br\/index.php?rest_route=\/wp\/v2\/posts"}],"about":[{"href":"http:\/\/blitzconquista.com.br\/index.php?rest_route=\/wp\/v2\/types\/post"}],"author":[{"embeddable":true,"href":"http:\/\/blitzconquista.com.br\/index.php?rest_route=\/wp\/v2\/users\/1"}],"replies":[{"embeddable":true,"href":"http:\/\/blitzconquista.com.br\/index.php?rest_route=%2Fwp%2Fv2%2Fcomments&post=29217"}],"version-history":[{"count":0,"href":"http:\/\/blitzconquista.com.br\/index.php?rest_route=\/wp\/v2\/posts\/29217\/revisions"}],"wp:featuredmedia":[{"embeddable":true,"href":"http:\/\/blitzconquista.com.br\/index.php?rest_route=\/"}],"wp:attachment":[{"href":"http:\/\/blitzconquista.com.br\/index.php?rest_route=%2Fwp%2Fv2%2Fmedia&parent=29217"}],"wp:term":[{"taxonomy":"category","embeddable":true,"href":"http:\/\/blitzconquista.com.br\/index.php?rest_route=%2Fwp%2Fv2%2Fcategories&post=29217"},{"taxonomy":"post_tag","embeddable":true,"href":"http:\/\/blitzconquista.com.br\/index.php?rest_route=%2Fwp%2Fv2%2Ftags&post=29217"}],"curies":[{"name":"wp","href":"https:\/\/api.w.org\/{rel}","templated":true}]}}