{"id":29268,"date":"2014-10-15T22:00:22","date_gmt":"2014-10-16T01:00:22","guid":{"rendered":"http:\/\/blitzconquista.com.br\/new\/?p=29268"},"modified":"2014-10-15T22:00:22","modified_gmt":"2014-10-16T01:00:22","slug":"demitidos-do-botafogo-disparam-clube-tem-historia-mas-nao-tem-campo-para-treinar","status":"publish","type":"post","link":"http:\/\/blitzconquista.com.br\/?p=29268","title":{"rendered":"Demitidos do Botafogo disparam: &#8216;Clube tem hist\u00f3ria, mas n\u00e3o tem campo para treinar&#8217;"},"content":{"rendered":"<p>O sil\u00eancio foi quebrado na tarde desta quarta-feira pelo quarteto demitido do Botafogo: Emerson Sheik, Bol\u00edvar, Edilson e J\u00falio C\u00e9sar. H\u00e1 quase duas semanas o presidente Maur\u00edcio Assun\u00e7\u00e3o anunciou que os jogadores n\u00e3o faziam mais parte dos planos do clube. Bol\u00edvar e Ed\u00edlson afirmaram que os contratos foram rescindidos nesta manh\u00e3. J\u00falio C\u00e9sar afirmou que seu empres\u00e1rio \u00e9 que est\u00e1 cuidando do assunto. Sheik, que \u00e9 funcion\u00e1rio do Corinthians e estava emprestado ao alvinegro, disse aos risos que estava curtindo a praia.<\/p>\n<p>Durante coletiva de imprensa realizada em um restaurante na Barra da Tijuca, Zona Oeste do Rio de Janeiro, Sheik falou sobre a demiss\u00e3o conturbada do Alvinegro carioca. E disse que em um primeiro momento foi informado que havia sido afastado e n\u00e3o demitido.<\/p>\n<p>&#8220;Eu estava jantando com um amigo, e quando chequei meu telefone, era por volta de duas da manh\u00e3, vi que o J\u00falio C\u00e9sar tinha me ligado bastante. Fiquei preocupado porque somos amigos. Eu pensei que tivesse acontecido algo. Liguei de volta e ele falou que n\u00f3s est\u00e1vamos afastados. Ele foi muito s\u00e9rio, por que no come\u00e7o achei que fosse brincadeira. Ent\u00e3o entendi que n\u00e3o era uma brincadeira. Ele pediu para ligar para o empres\u00e1rio. A princ\u00edpio era um afastamento. O Reinaldo (Pita, empres\u00e1rio) pediu para que fossemos ao treinamento na manh\u00e3 seguinte. A grande pergunta \u00e9 o porqu\u00ea de estar acontecendo tudo isso?&#8221;, indagou Emerson.<\/p>\n<p>Em mais de uma hora de entrevista, Sheik diversas vezes foi ir\u00f4nico com a atitude de Assun\u00e7\u00e3o.<\/p>\n<p>&#8220;O presidente talvez n\u00e3o saiba, mas eu joguei seis partidas no campeonato com o tend\u00e3o de Aquiles doendo absurdamente. O Botafogo, que tem uma hist\u00f3ria linda, n\u00e3o tem um campo decente para treinar. Por isso, v\u00e1rias les\u00f5es. Isso ele n\u00e3o deve saber. Gente, eu juro, dessa vez eu n\u00e3o fiz nada. Dessa vez [risos]. Foi o pior dirigente que trabalhamos, sim. Quer dizer, nem sei se trabalhei. S\u00f3 vi ele duas vezes&#8221;, aumentou.<\/p>\n<p>O jogador postou um v\u00eddeo dan\u00e7ando de sunga na internet na v\u00e9spera da partida contra o Corinthians em uma rede social. Esse v\u00eddeo divulgado em um momento conturbado do clube foi interpretado por muitos botafoguenses como chacota. O jogador afirmou que n\u00e3o teve essa inten\u00e7\u00e3o e pediu desculpas para quem viu como maldade. No momento que o ESPN.com.br fazia a referida pergunta, uma pessoa em frente ao resturante gritou: &#8220;Sheik, seu chinelinho. Filho da p&#8230;&#8221;.<\/p>\n<p>&#8220;A postagem foi inocente e quem fez o video foi meu filho Emerson. Desde que fui demitido me desliguei completamente e deixei na m\u00e3o do meu empres\u00e1rio. Nem lembrava que o Botafogo iria jogar. Pe\u00e7o desculpas para quem se sentiu ofendido. N\u00e3o teve maldade&#8221;, falou.<\/p>\n<p>Cr\u00edtico, J\u00falio C\u00e9sar afirmou que Assun\u00e7\u00e3o deveria ter sido homem para demiti-los pessoalmente, j\u00e1 que \u00e9 ele quem contrata e quem deveria mandar embora. E foi mais longe o jogador ao dizer que espera que seja homem para pagar tudo que deve a eles.<\/p>\n<p>&#8220;Hora nenhuma ele falou com a gente. O presidente deveria ser homem e nos procurar e falar. Ningu\u00e9m contrata por e-mail ou telefone. E deveria ser assim tamb\u00e9m na dispensa. Ele nunca participou muito do dia a dia do futebol profissional. Antes de me mandar embora, deveria me pagar o que deve. Se foi homem para ir a televis\u00e3o nos mandar embora, tem que ser homem de nos pagar o que deve&#8221;, disparou o lateral.<\/p>\n<p><img decoding=\"async\" loading=\"lazy\" class=\"alignnone  wp-image-24642\" src=\"http:\/\/blitzconquista.com.br\/new\/wp-content\/uploads\/2014\/06\/espn.jpg\" alt=\"espn\" width=\"98\" height=\"33\" \/><\/p>\n","protected":false},"excerpt":{"rendered":"<p>O sil\u00eancio foi quebrado na tarde desta quarta-feira pelo quarteto demitido do Botafogo: Emerson Sheik, Bol\u00edvar, Edilson e J\u00falio C\u00e9sar. H\u00e1 quase duas semanas o presidente Maur\u00edcio Assun\u00e7\u00e3o anunciou que os jogadores n\u00e3o faziam mais parte dos planos do clube. Bol\u00edvar e Ed\u00edlson afirmaram que os contratos foram rescindidos nesta manh\u00e3. J\u00falio C\u00e9sar afirmou que [&hellip;]<\/p>\n","protected":false},"author":1,"featured_media":29269,"comment_status":"open","ping_status":"closed","sticky":false,"template":"","format":"standard","meta":[],"categories":[1],"tags":[],"_links":{"self":[{"href":"http:\/\/blitzconquista.com.br\/index.php?rest_route=\/wp\/v2\/posts\/29268"}],"collection":[{"href":"http:\/\/blitzconquista.com.br\/index.php?rest_route=\/wp\/v2\/posts"}],"about":[{"href":"http:\/\/blitzconquista.com.br\/index.php?rest_route=\/wp\/v2\/types\/post"}],"author":[{"embeddable":true,"href":"http:\/\/blitzconquista.com.br\/index.php?rest_route=\/wp\/v2\/users\/1"}],"replies":[{"embeddable":true,"href":"http:\/\/blitzconquista.com.br\/index.php?rest_route=%2Fwp%2Fv2%2Fcomments&post=29268"}],"version-history":[{"count":0,"href":"http:\/\/blitzconquista.com.br\/index.php?rest_route=\/wp\/v2\/posts\/29268\/revisions"}],"wp:featuredmedia":[{"embeddable":true,"href":"http:\/\/blitzconquista.com.br\/index.php?rest_route=\/"}],"wp:attachment":[{"href":"http:\/\/blitzconquista.com.br\/index.php?rest_route=%2Fwp%2Fv2%2Fmedia&parent=29268"}],"wp:term":[{"taxonomy":"category","embeddable":true,"href":"http:\/\/blitzconquista.com.br\/index.php?rest_route=%2Fwp%2Fv2%2Fcategories&post=29268"},{"taxonomy":"post_tag","embeddable":true,"href":"http:\/\/blitzconquista.com.br\/index.php?rest_route=%2Fwp%2Fv2%2Ftags&post=29268"}],"curies":[{"name":"wp","href":"https:\/\/api.w.org\/{rel}","templated":true}]}}