{"id":29274,"date":"2014-10-15T22:17:17","date_gmt":"2014-10-16T01:17:17","guid":{"rendered":"http:\/\/blitzconquista.com.br\/new\/?p=29274"},"modified":"2014-10-15T22:17:17","modified_gmt":"2014-10-16T01:17:17","slug":"prefeitura-garante-realizacao-da-copa-do-governador-no-estadio-lomanto-junior","status":"publish","type":"post","link":"http:\/\/blitzconquista.com.br\/?p=29274","title":{"rendered":"Prefeitura garante realiza\u00e7\u00e3o da Copa do Governador no Est\u00e1dio Lomanto J\u00fanior"},"content":{"rendered":"<p>A Prefeitura Municipal de Vit\u00f3ria da Conquista, por meio da Secretaria de Cultura, Turismo, Esporte e Lazer, cumpriu todas as exig\u00eancias da Federa\u00e7\u00e3o Bahiana de Futebol para sediar a Copa Governador do Estado da Bahia. A cidade \u00e9 representada na competi\u00e7\u00e3o pelo Esporte Clube Primeiro Passo Vit\u00f3ria da Conquista e os seus jogos acontecer\u00e3o no Est\u00e1dio Lomanto J\u00fanior, que j\u00e1 teve todos os seus laudos t\u00e9cnicos atualizados.<\/p>\n<p>\u201cExiste toda a preocupa\u00e7\u00e3o e o compromisso da Prefeitura Municipal em manter os jogos do Vit\u00f3ria da Conquista no Est\u00e1dio Lomanto J\u00fanior e, para isso, foram tomadas todas as medidas cab\u00edveis e os laudos j\u00e1 est\u00e3o na Federa\u00e7\u00e3o Bahiana de Futebol\u201d, afirmou o secret\u00e1rio de Cultura, Turismo, Esporte e Lazer, Nagib Barroso.<\/p>\n<p>\u201cNunca duvidei que os jogos do Vit\u00f3ria da Conquista seriam mantidos no Lomanto J\u00fanior, tanto que j\u00e1 t\u00ednhamos cumprido alguns tr\u00e2mites para a realiza\u00e7\u00e3o dos jogos aqui na cidade. E isso vem refor\u00e7ar a nossa parceria, que j\u00e1 tem um certo tempo, e que se estende \u00e0 nossa divis\u00e3o de base. Sempre encontramos apoio na Prefeitura, vamos continuar em 2015 e ampliar\u201d, afirmou o diretor administrativo do clube, Jos\u00e9 Roberto, em reuni\u00e3o com o secret\u00e1rio de Cultura, Turismo, Esporte e Lazer.<br \/>\n<iframe loading=\"lazy\" src=\"https:\/\/w.soundcloud.com\/player\/?url=https%3A\/\/api.soundcloud.com\/tracks\/172342691&amp;auto_play=false&amp;hide_related=false&amp;show_comments=true&amp;show_user=true&amp;show_reposts=false&amp;visual=true\" width=\"100%\" height=\"300\" frameborder=\"no\" scrolling=\"no\"><\/iframe><\/p>\n","protected":false},"excerpt":{"rendered":"<p>A Prefeitura Municipal de Vit\u00f3ria da Conquista, por meio da Secretaria de Cultura, Turismo, Esporte e Lazer, cumpriu todas as exig\u00eancias da Federa\u00e7\u00e3o Bahiana de Futebol para sediar a Copa Governador do Estado da Bahia. A cidade \u00e9 representada na competi\u00e7\u00e3o pelo Esporte Clube Primeiro Passo Vit\u00f3ria da Conquista e os seus jogos acontecer\u00e3o no [&hellip;]<\/p>\n","protected":false},"author":1,"featured_media":29275,"comment_status":"open","ping_status":"closed","sticky":false,"template":"","format":"standard","meta":[],"categories":[1],"tags":[],"_links":{"self":[{"href":"http:\/\/blitzconquista.com.br\/index.php?rest_route=\/wp\/v2\/posts\/29274"}],"collection":[{"href":"http:\/\/blitzconquista.com.br\/index.php?rest_route=\/wp\/v2\/posts"}],"about":[{"href":"http:\/\/blitzconquista.com.br\/index.php?rest_route=\/wp\/v2\/types\/post"}],"author":[{"embeddable":true,"href":"http:\/\/blitzconquista.com.br\/index.php?rest_route=\/wp\/v2\/users\/1"}],"replies":[{"embeddable":true,"href":"http:\/\/blitzconquista.com.br\/index.php?rest_route=%2Fwp%2Fv2%2Fcomments&post=29274"}],"version-history":[{"count":0,"href":"http:\/\/blitzconquista.com.br\/index.php?rest_route=\/wp\/v2\/posts\/29274\/revisions"}],"wp:featuredmedia":[{"embeddable":true,"href":"http:\/\/blitzconquista.com.br\/index.php?rest_route=\/"}],"wp:attachment":[{"href":"http:\/\/blitzconquista.com.br\/index.php?rest_route=%2Fwp%2Fv2%2Fmedia&parent=29274"}],"wp:term":[{"taxonomy":"category","embeddable":true,"href":"http:\/\/blitzconquista.com.br\/index.php?rest_route=%2Fwp%2Fv2%2Fcategories&post=29274"},{"taxonomy":"post_tag","embeddable":true,"href":"http:\/\/blitzconquista.com.br\/index.php?rest_route=%2Fwp%2Fv2%2Ftags&post=29274"}],"curies":[{"name":"wp","href":"https:\/\/api.w.org\/{rel}","templated":true}]}}