{"id":29308,"date":"2014-10-16T21:58:13","date_gmt":"2014-10-17T00:58:13","guid":{"rendered":"http:\/\/blitzconquista.com.br\/new\/?p=29308"},"modified":"2014-10-16T21:58:13","modified_gmt":"2014-10-17T00:58:13","slug":"dilma-e-aecio-transformam-debate-em-troca-troca-de-podres-e-pontos-fracos","status":"publish","type":"post","link":"http:\/\/blitzconquista.com.br\/?p=29308","title":{"rendered":"Dilma e A\u00e9cio transformam debate em troca-troca de &#8220;podres&#8221; e pontos fracos"},"content":{"rendered":"<p>Corrup\u00e7\u00e3o, nomea\u00e7\u00e3o de parentes, mentira, desrespeito, desinforma\u00e7\u00e3o, falta de transpar\u00eancia, suspeitas, investiga\u00e7\u00f5es&#8230; Sem tr\u00e9gua em nenhum dos blocos, Dilma Rousseff (PT) e A\u00e9cio Neves (PSDB) centraram fogo no advers\u00e1rio usando esses temas como armas em suas perguntas e respostas no debate promovido por UOL, SBT e Jovem Pan nesta quinta-feira (16). O tiroteio deixou em segundo plano a discuss\u00e3o sobre temas de programas do governo das candidaturas do PT e do PSDB \u00e0 Presid\u00eancia da Rep\u00fablica.<\/p>\n<p>No primeiro bloco, as den\u00fancias de corrup\u00e7\u00e3o e de nepotismo nas gest\u00f5es dos presidenci\u00e1veis deram a t\u00f4nica. A\u00e9cio questionou Dilma sobre a nova den\u00fancia divulgada sobre a Petrobras &#8212; o TCU (Tribunal de Contas da Uni\u00e3o) vai apurar supostas fraudes em obras do Comperj (Complexo Petroqu\u00edmico do Rio de Janeiro), que incluem constru\u00e7\u00f5es que estavam sendo geridas pelo ex-diretor da estatal Paulo Roberto Costa.<\/p>\n<p>Na resposta, Dilma acusou os tucanos de &#8220;engavetarem os esc\u00e2ndalos&#8221; e &#8220;escond\u00ea-los debaixo do tapete&#8221;. &#8220;Ao contr\u00e1rio do passado, a Pol\u00edcia Federal n\u00e3o era dirigida por filiados do PSDB. A PF investigou e vai punir implacavelmente&#8221;, disse. &#8220;Onde est\u00e3o os corruptos da compra de votos da reelei\u00e7\u00e3o? Todos soltos. Onde est\u00e3o os corruptos do metr\u00f4 de SP e dos trens? Todos soltos. (&#8230;) Da &#8216;privataria tucana&#8217;?, todos soltos&#8221;, respondeu Dilma. A\u00e9cio, na r\u00e9plica, lembrou de petistas que foram presos.<\/p>\n<p>Os dois candidatos tamb\u00e9m fizeram acusa\u00e7\u00f5es m\u00fatuas de nepotismo: Dilma acusou A\u00e9cio de ter empregado a sua irm\u00e3 Andrea Neves quando era governador de Minas Gerais (2003-2010), e A\u00e9cio disse que o irm\u00e3o de Dilma, Igor Rousseff, foi empregado na prefeitura de Fernando Pimentel (PT-MG) sem trabalhar. &#8220;A diferen\u00e7a \u00e9 que minha irm\u00e3 trabalhou muito e n\u00e3o recebeu, enquanto seu irm\u00e3o recebeu e n\u00e3o trabalhou&#8221;, disse ele.<\/p>\n<p> A\u00e9cio acusou Dilma de &#8220;gostar de falar de parentes&#8221;, recordando o que classificou de &#8220;epis\u00f3dio triste&#8221;: o momento em que Fernando Collor, na campanha eleitoral de 1989, explorou quest\u00f5es pessoais do ent\u00e3o candidato petista Luiz In\u00e1cio Lula da Silva.<\/p>\n<p>No segundo bloco, as den\u00fancias sobre a Petrobras voltaram \u00e0 tona. Desta vez, Dilma questionou A\u00e9cio sobre reportagem que afirma que o ex-presidente do PSDB S\u00e9rgio Guerra (morto neste ano) teria recebido propina de Costa para esvaziar uma CPI (Comiss\u00e3o Parlamentar de Inqu\u00e9rito).<\/p>\n<p>A\u00e9cio disse que as den\u00fancias devem ser investigadas independentemente do partido. &#8220;Para mim, n\u00e3o importa de qual partido seja o denunciado, a investiga\u00e7\u00e3o tem que ir a fundo, e, pela primeira vez, pelo menos, h\u00e1 algo positivo aqui. A senhora d\u00e1 credibilidade \u00e0s den\u00fancias do senhor Paulo Roberto.&#8221;<\/p>\n<p>Entre os poucos momentos em que se propuseram a falar de programa de governo, os candidatos discutiram sobre temas econ\u00f4micos e sobre seguran\u00e7a p\u00fablica. A\u00e9cio citou o elevado n\u00famero de homic\u00eddios no Brasil. Na resposta, a presidente afirmou que as gest\u00f5es petistas do governo federal foram as \u00fanicas que implantaram uma pol\u00edtica de combate \u00e0 viol\u00eancia. Sobre economia, A\u00e9cio disse que o governo Dilma &#8220;foi leniente&#8221; com a infla\u00e7\u00e3o. A presidente contra-atacou afirmando que o m\u00e9todo dos tucanos \u00e9 &#8220;desempregar, arrochar o sal\u00e1rio e n\u00e3o investir&#8221;.<\/p>\n<p>No terceiro e \u00faltimo bloco, Dilma perguntou a opini\u00e3o de A\u00e9cio sobre a Lei Seca &#8212; o tucano j\u00e1 foi parado em uma blitz no Rio de Janeiro em 2011 e teve a carteira de habilita\u00e7\u00e3o apreendida por estar vencida. Na ocasi\u00e3o, ele, que j\u00e1 era senador por Minas Gerais, se negou a fazer o teste do baf\u00f4metro. &#8220;Parei numa lei seca e n\u00e3o fiz o exame. Me desculpei e me arrependi disso&#8221;, respondeu o candidato, irritado. Ele chamou Dilma de &#8220;mentirosa&#8221; e pediu temas &#8220;s\u00e9rios&#8221;. &#8216;Vamos falar de como melhorar a sa\u00fade e a seguran\u00e7a. A senhora ofende todos os brasileiros.&#8221;<\/p>\n<p>Dilma disse que acha a lei importante porque &#8220;no Brasil, todos os dias, tem gente morrendo por acidente de tr\u00e2nsito, por motoristas que est\u00e3o embriagados. Depende dele a vida ou a morte dos nossos jovens&#8221;, disse ela. &#8220;O senhor passou por uma experi\u00eancia. Ningu\u00e9m pode dirigir sob efeito de \u00e1lcool e drogas. A Lei Seca trouxe um bem para o pa\u00eds&#8221;, completou ela.<br \/>\n&#8220;Mentira&#8221;<\/p>\n<p>Os presidenci\u00e1veis acusaram v\u00e1rias vezes o advers\u00e1rio de mentir. Questionado sobre a Lei Seca, A\u00e9cio disse, na tr\u00e9plica, que Dilma mente. &#8220;Mentir e insinuar ofensas como essa n\u00e3o \u00e9 digno de qualquer cidad\u00e3o, mas \u00e9 indigno por uma presidente da Rep\u00fablica. Candidata, a sua campanha \u00e9 a campanha da mentira.&#8221;<\/p>\n<p>Em v\u00e1rios momentos do debate, A\u00e9cio acusou Dilma de promover uma campanha &#8220;de baixo n\u00edvel&#8221; e de &#8220;espalhar mentiras nas redes sociais&#8221;. O tucano chegou at\u00e9 mesmo a fazer uma pergunta sobre o tema. &#8220;Eu vou novamente na quest\u00e3o da verdade e da mentira. N\u00f3s somos, candidata, candidatos da Presid\u00eancia da Rep\u00fablica. \u00c9 preciso que haja um limite&#8221;, disse. &#8220;A senhora prefere a campanha da mentira, e \u00e9 essa quest\u00e3o que eu lhe fa\u00e7o agora.&#8221;<\/p>\n<p>&#8220;Candidato, acho aqui, quem mente \u00e9 o senhor&#8221;, replicou Dilma.<\/p>\n<p>Quando A\u00e9cio fez uma quest\u00e3o sobre corrup\u00e7\u00e3o, Dilma voltou a dizer que o opositor mente. &#8220;O senhor disse que se te atacar est\u00e1 atacando Minas, esta \u00e9 uma mentira, candidato. Porque Minas Gerais n\u00e3o \u00e9 o senhor.&#8221; Nos v\u00e1rios momentos em que Dilma criticou a administra\u00e7\u00e3o de A\u00e9cio no governo de Minas Gerais, o tucano a acusou de &#8220;desrespeitar Minas Gerais&#8221;. &#8220;Pare de ofender Minas Gerais, candidata&#8221;, chegou a dizer. Mineira, Dilma afirmou que nasceu &#8220;em Minas bem antes que o senhor&#8221;. &#8220;Sa\u00ed de Minas n\u00e3o foi para passear no Rio de Janeiro: \u00e9 porque fui perseguida&#8221;, disse, complementando que nem o Estado nem os mineiros se confundem com A\u00e9cio.<br \/>\nRepeteco e pr\u00f3ximos debates<\/p>\n<p>O evento trouxe muitas perguntas e respostas que j\u00e1 haviam aparecido no debate da TV Bandeirantes, que ocorreu h\u00e1 dois dias. No entanto, houve novos temas: Dilma citou pela primeira vez a crise de falta de \u00e1gua em S\u00e3o Paulo, Estado governado pelo PSDB de Geraldo Alckmin, e A\u00e9cio acusou a campanha da petista de filmar uma escola em Minas Gerais vazia durante um feriado.<\/p>\n<p>A paternidade de programas sociais, discuss\u00e3o que j\u00e1 havia aparecido na ter\u00e7a, voltou \u00e0 baila. Desta vez, A\u00e9cio disse que o programa ProUni foi criado n\u00e3o pelo PT, mas pelo governo do PSDB em Goi\u00e1s.<\/p>\n<p>Este \u00e9 o segundo debate entre A\u00e9cio e Dilma no segundo turno das elei\u00e7\u00f5es presidenciais. O primeiro foi realizado pela Band, na \u00faltima ter\u00e7a-feira (14), e foi marcado pela troca de ataques entre os advers\u00e1rios. O pr\u00f3ximo ser\u00e1 organizado pela TV Record, no pr\u00f3ximo domingo (19). O confronto derradeiro entre os concorrentes ocorrer\u00e1 no dia 24, sexta-feira, na Globo.<\/p>\n<p>A\u00e9cio e Dilma est\u00e3o empatados tecnicamente nas inten\u00e7\u00f5es de voto segundo as \u00faltimas pesquisas do Datafolha e do Ibope, divulgadas ontem (15). O tucano est\u00e1 com 51% dos votos v\u00e1lidos, contra 49% da petista. *Uol<\/p>\n","protected":false},"excerpt":{"rendered":"<p>Corrup\u00e7\u00e3o, nomea\u00e7\u00e3o de parentes, mentira, desrespeito, desinforma\u00e7\u00e3o, falta de transpar\u00eancia, suspeitas, investiga\u00e7\u00f5es&#8230; Sem tr\u00e9gua em nenhum dos blocos, Dilma Rousseff (PT) e A\u00e9cio Neves (PSDB) centraram fogo no advers\u00e1rio usando esses temas como armas em suas perguntas e respostas no debate promovido por UOL, SBT e Jovem Pan nesta quinta-feira (16). O tiroteio deixou em [&hellip;]<\/p>\n","protected":false},"author":1,"featured_media":29309,"comment_status":"open","ping_status":"closed","sticky":false,"template":"","format":"standard","meta":[],"categories":[5],"tags":[],"_links":{"self":[{"href":"http:\/\/blitzconquista.com.br\/index.php?rest_route=\/wp\/v2\/posts\/29308"}],"collection":[{"href":"http:\/\/blitzconquista.com.br\/index.php?rest_route=\/wp\/v2\/posts"}],"about":[{"href":"http:\/\/blitzconquista.com.br\/index.php?rest_route=\/wp\/v2\/types\/post"}],"author":[{"embeddable":true,"href":"http:\/\/blitzconquista.com.br\/index.php?rest_route=\/wp\/v2\/users\/1"}],"replies":[{"embeddable":true,"href":"http:\/\/blitzconquista.com.br\/index.php?rest_route=%2Fwp%2Fv2%2Fcomments&post=29308"}],"version-history":[{"count":0,"href":"http:\/\/blitzconquista.com.br\/index.php?rest_route=\/wp\/v2\/posts\/29308\/revisions"}],"wp:featuredmedia":[{"embeddable":true,"href":"http:\/\/blitzconquista.com.br\/index.php?rest_route=\/"}],"wp:attachment":[{"href":"http:\/\/blitzconquista.com.br\/index.php?rest_route=%2Fwp%2Fv2%2Fmedia&parent=29308"}],"wp:term":[{"taxonomy":"category","embeddable":true,"href":"http:\/\/blitzconquista.com.br\/index.php?rest_route=%2Fwp%2Fv2%2Fcategories&post=29308"},{"taxonomy":"post_tag","embeddable":true,"href":"http:\/\/blitzconquista.com.br\/index.php?rest_route=%2Fwp%2Fv2%2Ftags&post=29308"}],"curies":[{"name":"wp","href":"https:\/\/api.w.org\/{rel}","templated":true}]}}