{"id":29366,"date":"2014-10-18T00:21:03","date_gmt":"2014-10-18T03:21:03","guid":{"rendered":"http:\/\/blitzconquista.com.br\/new\/?p=29366"},"modified":"2014-10-18T00:21:03","modified_gmt":"2014-10-18T03:21:03","slug":"acho-que-nao-da-mais-para-o-mano-no-corinthians-e-fico-ao-lado-de-jefferson-que-nao-devia-ter-jogado-mesmo","status":"publish","type":"post","link":"http:\/\/blitzconquista.com.br\/?p=29366","title":{"rendered":"Acho que n\u00e3o d\u00e1 mais para o Mano no Corinthians e fico ao lado de Jefferson, que n\u00e3o devia ter jogado mesmo"},"content":{"rendered":"<p>No &#8216;Linha de Passe&#8217; desta sexta-feira, Jos\u00e9 Trajano, em seu destaque inicial, falou sobre a situa\u00e7\u00e3o de Mano Menezes no Corinthians e o mal-estar entre Jefferson e Wilson Gottardo no Botafogo. Para o especialista, o t\u00e9cnico &#8216;n\u00e3o deu certo&#8217; nessa sua segunda passagem pelo clube do Parque S\u00e3o Jorge e que &#8216;n\u00e3o d\u00e1 mais&#8217; para ele. Sobre o goleiro da Estrela Solit\u00e1ria, Trajano disse que ele n\u00e3o deveria ter jogado mesmo.<br \/>\n<img decoding=\"async\" loading=\"lazy\" class=\"alignnone  wp-image-24642\" src=\"http:\/\/blitzconquista.com.br\/new\/wp-content\/uploads\/2014\/06\/espn.jpg\" alt=\"espn\" width=\"95\" height=\"32\" \/><\/p>\n","protected":false},"excerpt":{"rendered":"<p>No &#8216;Linha de Passe&#8217; desta sexta-feira, Jos\u00e9 Trajano, em seu destaque inicial, falou sobre a situa\u00e7\u00e3o de Mano Menezes no Corinthians e o mal-estar entre Jefferson e Wilson Gottardo no Botafogo. Para o especialista, o t\u00e9cnico &#8216;n\u00e3o deu certo&#8217; nessa sua segunda passagem pelo clube do Parque S\u00e3o Jorge e que &#8216;n\u00e3o d\u00e1 mais&#8217; para [&hellip;]<\/p>\n","protected":false},"author":1,"featured_media":29367,"comment_status":"open","ping_status":"closed","sticky":false,"template":"","format":"standard","meta":[],"categories":[1],"tags":[],"_links":{"self":[{"href":"http:\/\/blitzconquista.com.br\/index.php?rest_route=\/wp\/v2\/posts\/29366"}],"collection":[{"href":"http:\/\/blitzconquista.com.br\/index.php?rest_route=\/wp\/v2\/posts"}],"about":[{"href":"http:\/\/blitzconquista.com.br\/index.php?rest_route=\/wp\/v2\/types\/post"}],"author":[{"embeddable":true,"href":"http:\/\/blitzconquista.com.br\/index.php?rest_route=\/wp\/v2\/users\/1"}],"replies":[{"embeddable":true,"href":"http:\/\/blitzconquista.com.br\/index.php?rest_route=%2Fwp%2Fv2%2Fcomments&post=29366"}],"version-history":[{"count":0,"href":"http:\/\/blitzconquista.com.br\/index.php?rest_route=\/wp\/v2\/posts\/29366\/revisions"}],"wp:featuredmedia":[{"embeddable":true,"href":"http:\/\/blitzconquista.com.br\/index.php?rest_route=\/"}],"wp:attachment":[{"href":"http:\/\/blitzconquista.com.br\/index.php?rest_route=%2Fwp%2Fv2%2Fmedia&parent=29366"}],"wp:term":[{"taxonomy":"category","embeddable":true,"href":"http:\/\/blitzconquista.com.br\/index.php?rest_route=%2Fwp%2Fv2%2Fcategories&post=29366"},{"taxonomy":"post_tag","embeddable":true,"href":"http:\/\/blitzconquista.com.br\/index.php?rest_route=%2Fwp%2Fv2%2Ftags&post=29366"}],"curies":[{"name":"wp","href":"https:\/\/api.w.org\/{rel}","templated":true}]}}