{"id":29392,"date":"2014-10-18T13:26:24","date_gmt":"2014-10-18T16:26:24","guid":{"rendered":"http:\/\/blitzconquista.com.br\/new\/?p=29392"},"modified":"2014-10-18T13:26:24","modified_gmt":"2014-10-18T16:26:24","slug":"fafa-de-belem-recebe-trote-e-diz-que-esta-proibida-de-se-apresentar-em-conquista","status":"publish","type":"post","link":"http:\/\/blitzconquista.com.br\/?p=29392","title":{"rendered":"Faf\u00e1 de Bel\u00e9m recebe \u201ctrote\u201d e diz que est\u00e1 proibida de se apresentar em Conquista"},"content":{"rendered":"<p>Neste s\u00e1bado, 18, foi amplamente divulgado a not\u00edcia de que o Prefeito de Vit\u00f3ria da Conquista, Guilherme Menezes, teria cancelado um show de Faf\u00e1 de Bel\u00e9m, ap\u00f3s a cantora aparecer no programa de A\u00e9cio Neves pedindo votos para o tucano. Indignada, a Cantora publicou o fato nas redes sociais. Alegando n\u00e3o saber do ocorrido, a Prefeitura de Vit\u00f3ria da Conquista entrou em contado com a artista, a qual informou que recebeu um telefonema de um homem que se identificou como sendo Marcelo Ferraz. De acordo com o Secret\u00e1rio de Cultura do Munic\u00edpio, Nagib Barroso, n\u00e3o existe nenhum Marcelo Ferraz que integra o Governo Municipal e ficou esclarecido que a cantora foi v\u00edtima de um trote.<br \/>\nNagib destacou que os artistas que se apresentar\u00e3o no Natal da Cidade ainda n\u00e3o foram contratados e a escolha pol\u00edtica de cada um n\u00e3o \u00e9 pr\u00e9-requisito para sele\u00e7\u00e3o.<br \/>\nPosteriormente, Faf\u00e1 de Bel\u00e9m divulgou no instragran que a ordem para cancelar o show foi de um tal \u201cDiretor de Eventos, petista radical e rancoroso\u201d, mas que o prefeito ao saber da atitude desse diretor o demitiu. Novamente nossa reportagem entrou em contado com o Secret\u00e1rio Nagib Barroso, o qual informou que a not\u00edcia continua equivocada, pois n\u00e3o h\u00e1 nenhum diretor de eventos que tenha entrado em contado com a artista, muito menos marcado o show para o dia 22 de dezembro.<\/p>\n","protected":false},"excerpt":{"rendered":"<p>Neste s\u00e1bado, 18, foi amplamente divulgado a not\u00edcia de que o Prefeito de Vit\u00f3ria da Conquista, Guilherme Menezes, teria cancelado um show de Faf\u00e1 de Bel\u00e9m, ap\u00f3s a cantora aparecer no programa de A\u00e9cio Neves pedindo votos para o tucano. Indignada, a Cantora publicou o fato nas redes sociais. Alegando n\u00e3o saber do ocorrido, a [&hellip;]<\/p>\n","protected":false},"author":1,"featured_media":29393,"comment_status":"open","ping_status":"closed","sticky":false,"template":"","format":"standard","meta":[],"categories":[5],"tags":[],"_links":{"self":[{"href":"http:\/\/blitzconquista.com.br\/index.php?rest_route=\/wp\/v2\/posts\/29392"}],"collection":[{"href":"http:\/\/blitzconquista.com.br\/index.php?rest_route=\/wp\/v2\/posts"}],"about":[{"href":"http:\/\/blitzconquista.com.br\/index.php?rest_route=\/wp\/v2\/types\/post"}],"author":[{"embeddable":true,"href":"http:\/\/blitzconquista.com.br\/index.php?rest_route=\/wp\/v2\/users\/1"}],"replies":[{"embeddable":true,"href":"http:\/\/blitzconquista.com.br\/index.php?rest_route=%2Fwp%2Fv2%2Fcomments&post=29392"}],"version-history":[{"count":0,"href":"http:\/\/blitzconquista.com.br\/index.php?rest_route=\/wp\/v2\/posts\/29392\/revisions"}],"wp:featuredmedia":[{"embeddable":true,"href":"http:\/\/blitzconquista.com.br\/index.php?rest_route=\/"}],"wp:attachment":[{"href":"http:\/\/blitzconquista.com.br\/index.php?rest_route=%2Fwp%2Fv2%2Fmedia&parent=29392"}],"wp:term":[{"taxonomy":"category","embeddable":true,"href":"http:\/\/blitzconquista.com.br\/index.php?rest_route=%2Fwp%2Fv2%2Fcategories&post=29392"},{"taxonomy":"post_tag","embeddable":true,"href":"http:\/\/blitzconquista.com.br\/index.php?rest_route=%2Fwp%2Fv2%2Ftags&post=29392"}],"curies":[{"name":"wp","href":"https:\/\/api.w.org\/{rel}","templated":true}]}}