{"id":29457,"date":"2014-10-20T01:10:45","date_gmt":"2014-10-20T04:10:45","guid":{"rendered":"http:\/\/blitzconquista.com.br\/new\/?p=29457"},"modified":"2014-10-20T01:10:45","modified_gmt":"2014-10-20T04:10:45","slug":"conquista-empata-na-primeira-partida-da-copa-governador","status":"publish","type":"post","link":"http:\/\/blitzconquista.com.br\/?p=29457","title":{"rendered":"Conquista empata na primeira partida da Copa Governador"},"content":{"rendered":"<p>O Vit\u00f3ria da Conquista empatou em Salvador com o Vit\u00f3ria na rodada de abertura da Copa Governador do Estado. O jogo foi realizado no est\u00e1dio do Barrad\u00e3o.<\/p>\n<p>O primeiro gol da partida foi marcado por Danilo Tarracha para o Rubro-Negro. O empate veio em cobran\u00e7a de falta com\u00a0 Rafael da Granja de e o zagueiro Matheus Salustiano contra empatou para o alviverde. O primeiro tempo terminou em 1\u00d71.<\/p>\n<p>Na etapa final, o atacante Bras\u00e3o marcou o segundo do ECPP, mas Danilo Tarracha empatou para o Rubro-Negro.<\/p>\n<p>Vit\u00f3ria da Conquista jogou com: Paulo Musse, Rafael da Granja, S\u00edlvio, Jadson e Paulo Vitor, J\u00fanior Ga\u00facho, Edimar, L\u00eddio, Carlinhos, Bras\u00e3o e Cac\u00e1.<\/p>\n<p>J\u00e1 o Vit\u00f3ria mandou a campo Wallace; Rom\u00e1rio (Lu\u00eds Paulo), Matheus Salustiano, D\u00e3o (Cacul\u00e9) e Tarracha; Edson Magal, Gabriel, Nickson (Edson) e Eudair; Vander e L\u00e9o Cear\u00e1.<\/p>\n<p>O Bode volta a campo contra o Serrano, s\u00e1bado (25), \u00e0s 16 horas.<\/p>\n<p>Com os resultados da primeira rodada, que teve ainda o empate em 1\u00d71 entre Serrano e Colo Colo, o alvverde lidera ao lado do Vit\u00f3ria com 1 ponto e 2 gols marcados. *Site Oficial ECPP<\/p>\n","protected":false},"excerpt":{"rendered":"<p>O Vit\u00f3ria da Conquista empatou em Salvador com o Vit\u00f3ria na rodada de abertura da Copa Governador do Estado. O jogo foi realizado no est\u00e1dio do Barrad\u00e3o. O primeiro gol da partida foi marcado por Danilo Tarracha para o Rubro-Negro. O empate veio em cobran\u00e7a de falta com\u00a0 Rafael da Granja de e o zagueiro [&hellip;]<\/p>\n","protected":false},"author":1,"featured_media":29459,"comment_status":"open","ping_status":"closed","sticky":false,"template":"","format":"standard","meta":[],"categories":[1],"tags":[],"_links":{"self":[{"href":"http:\/\/blitzconquista.com.br\/index.php?rest_route=\/wp\/v2\/posts\/29457"}],"collection":[{"href":"http:\/\/blitzconquista.com.br\/index.php?rest_route=\/wp\/v2\/posts"}],"about":[{"href":"http:\/\/blitzconquista.com.br\/index.php?rest_route=\/wp\/v2\/types\/post"}],"author":[{"embeddable":true,"href":"http:\/\/blitzconquista.com.br\/index.php?rest_route=\/wp\/v2\/users\/1"}],"replies":[{"embeddable":true,"href":"http:\/\/blitzconquista.com.br\/index.php?rest_route=%2Fwp%2Fv2%2Fcomments&post=29457"}],"version-history":[{"count":0,"href":"http:\/\/blitzconquista.com.br\/index.php?rest_route=\/wp\/v2\/posts\/29457\/revisions"}],"wp:featuredmedia":[{"embeddable":true,"href":"http:\/\/blitzconquista.com.br\/index.php?rest_route=\/"}],"wp:attachment":[{"href":"http:\/\/blitzconquista.com.br\/index.php?rest_route=%2Fwp%2Fv2%2Fmedia&parent=29457"}],"wp:term":[{"taxonomy":"category","embeddable":true,"href":"http:\/\/blitzconquista.com.br\/index.php?rest_route=%2Fwp%2Fv2%2Fcategories&post=29457"},{"taxonomy":"post_tag","embeddable":true,"href":"http:\/\/blitzconquista.com.br\/index.php?rest_route=%2Fwp%2Fv2%2Ftags&post=29457"}],"curies":[{"name":"wp","href":"https:\/\/api.w.org\/{rel}","templated":true}]}}