{"id":29562,"date":"2014-10-22T01:58:14","date_gmt":"2014-10-22T04:58:14","guid":{"rendered":"http:\/\/blitzconquista.com.br\/new\/?p=29562"},"modified":"2014-10-22T01:58:14","modified_gmt":"2014-10-22T04:58:14","slug":"por-conta-da-votacao-do-segundo-turno-eleitores-nao-podem-ser-presos-a-partir-desta-terca","status":"publish","type":"post","link":"http:\/\/blitzconquista.com.br\/?p=29562","title":{"rendered":"Por conta da vota\u00e7\u00e3o do segundo turno, eleitores n\u00e3o podem ser presos a partir desta ter\u00e7a"},"content":{"rendered":"<p>Desde a \u00faltima ter\u00e7a-feira (21) e at\u00e9 48 horas ap\u00f3s o encerramento das elei\u00e7\u00f5es, nenhum eleitor poder\u00e1 ser preso ou detido, salvo em flagrante delito, em virtude de senten\u00e7a criminal condenat\u00f3ria por crime inafian\u00e7\u00e1vel ou por desrespeito a salvo-conduto. A determina\u00e7\u00e3o est\u00e1 no C\u00f3digo Eleitoral, caput do Artigo 236.<br \/>\nNo domingo (26), quase 143 milh\u00f5es de eleitores voltam \u00e0s urnas e escolher\u00e3o entre Dilma Rousseff (PT) e A\u00e9cio Neves (PSDB) para comandar o pa\u00eds pelos pr\u00f3ximos quatro anos. Eleitores de 13 Estados e do Distrito Federal tamb\u00e9m definir\u00e3o seus novos governadores neste segundo turno.<br \/>\nMesmo com o hor\u00e1rio de ver\u00e3o, que come\u00e7ou no \u00faltimo domingo, nos estados das regi\u00f5es Sul, Sudeste e Centro-Oeste e no Distrito Federal, o per\u00edodo de vota\u00e7\u00e3o no segundo turno n\u00e3o ter\u00e1 qualquer altera\u00e7\u00e3o, ou seja, ser\u00e1 das 8h \u00e0s 17h, obedecendo o hor\u00e1rio local. *As informa\u00e7\u00f5es s\u00e3o da Ag\u00eancia Brasil.<\/p>\n","protected":false},"excerpt":{"rendered":"<p>Desde a \u00faltima ter\u00e7a-feira (21) e at\u00e9 48 horas ap\u00f3s o encerramento das elei\u00e7\u00f5es, nenhum eleitor poder\u00e1 ser preso ou detido, salvo em flagrante delito, em virtude de senten\u00e7a criminal condenat\u00f3ria por crime inafian\u00e7\u00e1vel ou por desrespeito a salvo-conduto. A determina\u00e7\u00e3o est\u00e1 no C\u00f3digo Eleitoral, caput do Artigo 236. No domingo (26), quase 143 milh\u00f5es [&hellip;]<\/p>\n","protected":false},"author":1,"featured_media":29563,"comment_status":"open","ping_status":"closed","sticky":false,"template":"","format":"standard","meta":[],"categories":[5],"tags":[],"_links":{"self":[{"href":"http:\/\/blitzconquista.com.br\/index.php?rest_route=\/wp\/v2\/posts\/29562"}],"collection":[{"href":"http:\/\/blitzconquista.com.br\/index.php?rest_route=\/wp\/v2\/posts"}],"about":[{"href":"http:\/\/blitzconquista.com.br\/index.php?rest_route=\/wp\/v2\/types\/post"}],"author":[{"embeddable":true,"href":"http:\/\/blitzconquista.com.br\/index.php?rest_route=\/wp\/v2\/users\/1"}],"replies":[{"embeddable":true,"href":"http:\/\/blitzconquista.com.br\/index.php?rest_route=%2Fwp%2Fv2%2Fcomments&post=29562"}],"version-history":[{"count":0,"href":"http:\/\/blitzconquista.com.br\/index.php?rest_route=\/wp\/v2\/posts\/29562\/revisions"}],"wp:featuredmedia":[{"embeddable":true,"href":"http:\/\/blitzconquista.com.br\/index.php?rest_route=\/"}],"wp:attachment":[{"href":"http:\/\/blitzconquista.com.br\/index.php?rest_route=%2Fwp%2Fv2%2Fmedia&parent=29562"}],"wp:term":[{"taxonomy":"category","embeddable":true,"href":"http:\/\/blitzconquista.com.br\/index.php?rest_route=%2Fwp%2Fv2%2Fcategories&post=29562"},{"taxonomy":"post_tag","embeddable":true,"href":"http:\/\/blitzconquista.com.br\/index.php?rest_route=%2Fwp%2Fv2%2Ftags&post=29562"}],"curies":[{"name":"wp","href":"https:\/\/api.w.org\/{rel}","templated":true}]}}