{"id":29657,"date":"2014-10-24T12:15:16","date_gmt":"2014-10-24T15:15:16","guid":{"rendered":"http:\/\/blitzconquista.com.br\/new\/?p=29657"},"modified":"2014-10-24T12:15:16","modified_gmt":"2014-10-24T15:15:16","slug":"termina-hoje-propaganda-eleitoral-no-radio-e-na-televisao","status":"publish","type":"post","link":"http:\/\/blitzconquista.com.br\/?p=29657","title":{"rendered":"Termina hoje propaganda eleitoral no r\u00e1dio e na televis\u00e3o"},"content":{"rendered":"<p>A dois dias do segundo turno das elei\u00e7\u00f5es, termina nesta sexta-feira (24) a propaganda eleitoral gratuita veiculada no r\u00e1dio e na televis\u00e3o. Tamb\u00e9m \u00e9 a data limite para a divulga\u00e7\u00e3o paga de propaganda eleitoral na imprensa escrita e para a realiza\u00e7\u00e3o de debates. Nesse \u00faltimo caso, a transmiss\u00e3o n\u00e3o deve ultrapassar a meia-noite. \u00c9 nesta sexta-feira o \u00faltimo dia para que os presidentes das mesas comuniquem \u00e0 Justi\u00e7a Eleitoral que n\u00e3o receberam o material destinado \u00e0 vota\u00e7\u00e3o de domingo (26). Carro de alto-falante ou amplificadores de som para divulga\u00e7\u00e3o de propaganda est\u00e1 permitido at\u00e9 s\u00e1bado (25), v\u00e9spera da vota\u00e7\u00e3o, entre as 8h e as 22h. A distribui\u00e7\u00e3o de material gr\u00e1fico, a realiza\u00e7\u00e3o de caminhadas, passeatas e carreatas, al\u00e9m da divulga\u00e7\u00e3o de jingles ou mensagens dos candidatos podem ser feitas tamb\u00e9m at\u00e9 as 22h. No segundo turno das elei\u00e7\u00f5es, neste domingo (26), cerca de 143 milh\u00f5es de eleitores est\u00e3o aptos a votar para presidente da Rep\u00fablica e governadores de 13 estados e do Distrito Federal. Apesar do hor\u00e1rio de ver\u00e3o nas regi\u00f5es Sul, Sudeste e Centro-Oeste, a vota\u00e7\u00e3o ser\u00e1 feita das 8h \u00e0s 17h, obedecendo o hor\u00e1rio local. Com o hor\u00e1rio de ver\u00e3o, o Acre passou a ter tr\u00eas horas a menos em rela\u00e7\u00e3o ao hor\u00e1rio de Bras\u00edlia. Por isso, a divulga\u00e7\u00e3o dos n\u00fameros das elei\u00e7\u00f5es para presidente da Rep\u00fablica come\u00e7ar\u00e1 \u00e0s 20h (de Bras\u00edlia). Os resultados para governador nos 13 estados e no DF ser\u00e3o conhecidos logo ap\u00f3s o encerramento da vota\u00e7\u00e3o. *Com informa\u00e7\u00f5es da Ag\u00eancia Brasil<\/p>\n","protected":false},"excerpt":{"rendered":"<p>A dois dias do segundo turno das elei\u00e7\u00f5es, termina nesta sexta-feira (24) a propaganda eleitoral gratuita veiculada no r\u00e1dio e na televis\u00e3o. Tamb\u00e9m \u00e9 a data limite para a divulga\u00e7\u00e3o paga de propaganda eleitoral na imprensa escrita e para a realiza\u00e7\u00e3o de debates. Nesse \u00faltimo caso, a transmiss\u00e3o n\u00e3o deve ultrapassar a meia-noite. \u00c9 nesta [&hellip;]<\/p>\n","protected":false},"author":1,"featured_media":29000,"comment_status":"open","ping_status":"closed","sticky":false,"template":"","format":"standard","meta":[],"categories":[5],"tags":[],"_links":{"self":[{"href":"http:\/\/blitzconquista.com.br\/index.php?rest_route=\/wp\/v2\/posts\/29657"}],"collection":[{"href":"http:\/\/blitzconquista.com.br\/index.php?rest_route=\/wp\/v2\/posts"}],"about":[{"href":"http:\/\/blitzconquista.com.br\/index.php?rest_route=\/wp\/v2\/types\/post"}],"author":[{"embeddable":true,"href":"http:\/\/blitzconquista.com.br\/index.php?rest_route=\/wp\/v2\/users\/1"}],"replies":[{"embeddable":true,"href":"http:\/\/blitzconquista.com.br\/index.php?rest_route=%2Fwp%2Fv2%2Fcomments&post=29657"}],"version-history":[{"count":0,"href":"http:\/\/blitzconquista.com.br\/index.php?rest_route=\/wp\/v2\/posts\/29657\/revisions"}],"wp:featuredmedia":[{"embeddable":true,"href":"http:\/\/blitzconquista.com.br\/index.php?rest_route=\/"}],"wp:attachment":[{"href":"http:\/\/blitzconquista.com.br\/index.php?rest_route=%2Fwp%2Fv2%2Fmedia&parent=29657"}],"wp:term":[{"taxonomy":"category","embeddable":true,"href":"http:\/\/blitzconquista.com.br\/index.php?rest_route=%2Fwp%2Fv2%2Fcategories&post=29657"},{"taxonomy":"post_tag","embeddable":true,"href":"http:\/\/blitzconquista.com.br\/index.php?rest_route=%2Fwp%2Fv2%2Ftags&post=29657"}],"curies":[{"name":"wp","href":"https:\/\/api.w.org\/{rel}","templated":true}]}}