{"id":29708,"date":"2014-10-25T12:19:03","date_gmt":"2014-10-25T15:19:03","guid":{"rendered":"http:\/\/blitzconquista.com.br\/new\/?p=29708"},"modified":"2014-10-25T12:19:03","modified_gmt":"2014-10-25T15:19:03","slug":"arlindo-manifesta-preocupacao-com-comerciantes-da-ceasa","status":"publish","type":"post","link":"http:\/\/blitzconquista.com.br\/?p=29708","title":{"rendered":"Arlindo manifesta preocupa\u00e7\u00e3o com comerciantes da Ceasa"},"content":{"rendered":"<div id=\"stcpDiv\">Na sess\u00e3o ordin\u00e1ria desta sexta-feira (24), o vereador Arlindo Rebou\u00e7as (PROS) voltou a falar da situa\u00e7\u00e3o dos comerciantes da Central de Abastecimento (Ceasa), da Avenida Juracy Magalh\u00e3es. Segundo ele, o que se presencia no lugar\u00a0\u00e9 uma \u201cbomba\u201d preste a explodir, por conta de duas a\u00e7\u00f5es que tramitam na justi\u00e7a, uma do Minist\u00e9rio P\u00fablico, que alega falta de infraestrutura, como pavimenta\u00e7\u00e3o, seguran\u00e7a, banheiros e outros servi\u00e7os necess\u00e1rios ao funcionamento do espa\u00e7o, e uma do propriet\u00e1rio do terreno, requerendo a reintegra\u00e7\u00e3o de posse, gerando um clima de incerteza entre os comerciantes.<\/p>\n<p>\u201cA prefeitura ainda n\u00e3o conseguiu compreender que aqueles comerciantes abastecem Vit\u00f3ria da Conquista, Norte de Minas e as regi\u00f5es Sul e Sudoeste da Bahia, portanto, se o com\u00e9rcio naquele local acabar, o preju\u00edzo ser\u00e1 para todos n\u00f3s, dos comerciantes aos consumidores, onde \u00e9 que Conquista vai comprar?\u201d, questionou, salientando que o poder p\u00fablico n\u00e3o est\u00e1 dando a devida aten\u00e7\u00e3o a um problema t\u00e3o s\u00e9rio como esse. \u201cEstamos aqui para representar a comunidade, n\u00e3o podemos nos esquecer daqueles comerciantes que tanto tem ajudado no crescimento da cidade, daqui a dois anos tem elei\u00e7\u00e3o e com que cara alguns vereadores v\u00e3o voltar l\u00e1 para pedir voto, a gente lamenta muito que aquele povo esteja sendo esquecido\u201d.<\/p>\n<p>Ainda, conforme Rebou\u00e7as, quando os comerciantes foram transferidos para a Juracy Magalh\u00e3es, a promessa era de que ficariam l\u00e1 por apenas dois anos, per\u00edodo estabelecido pelo governo municipal para constru\u00e7\u00e3o do atacad\u00e3o, por\u00e9m j\u00e1 se passaram seis anos e nada foi feito. \u201cCaso os feirantes sejam despejados, para onde eles ir\u00e3o, o que v\u00e3o fazer para sustentar suas fam\u00edlias e n\u00f3s, como ficaremos\u201d, indagou.<\/p>\n<p>Por Bia Oliveira \/ ASCOMCV<\/p><\/div>\n","protected":false},"excerpt":{"rendered":"<p>Na sess\u00e3o ordin\u00e1ria desta sexta-feira (24), o vereador Arlindo Rebou\u00e7as (PROS) voltou a falar da situa\u00e7\u00e3o dos comerciantes da Central de Abastecimento (Ceasa), da Avenida Juracy Magalh\u00e3es. Segundo ele, o que se presencia no lugar\u00a0\u00e9 uma \u201cbomba\u201d preste a explodir, por conta de duas a\u00e7\u00f5es que tramitam na justi\u00e7a, uma do Minist\u00e9rio P\u00fablico, que alega [&hellip;]<\/p>\n","protected":false},"author":1,"featured_media":29709,"comment_status":"open","ping_status":"closed","sticky":false,"template":"","format":"standard","meta":[],"categories":[5],"tags":[],"_links":{"self":[{"href":"http:\/\/blitzconquista.com.br\/index.php?rest_route=\/wp\/v2\/posts\/29708"}],"collection":[{"href":"http:\/\/blitzconquista.com.br\/index.php?rest_route=\/wp\/v2\/posts"}],"about":[{"href":"http:\/\/blitzconquista.com.br\/index.php?rest_route=\/wp\/v2\/types\/post"}],"author":[{"embeddable":true,"href":"http:\/\/blitzconquista.com.br\/index.php?rest_route=\/wp\/v2\/users\/1"}],"replies":[{"embeddable":true,"href":"http:\/\/blitzconquista.com.br\/index.php?rest_route=%2Fwp%2Fv2%2Fcomments&post=29708"}],"version-history":[{"count":0,"href":"http:\/\/blitzconquista.com.br\/index.php?rest_route=\/wp\/v2\/posts\/29708\/revisions"}],"wp:featuredmedia":[{"embeddable":true,"href":"http:\/\/blitzconquista.com.br\/index.php?rest_route=\/"}],"wp:attachment":[{"href":"http:\/\/blitzconquista.com.br\/index.php?rest_route=%2Fwp%2Fv2%2Fmedia&parent=29708"}],"wp:term":[{"taxonomy":"category","embeddable":true,"href":"http:\/\/blitzconquista.com.br\/index.php?rest_route=%2Fwp%2Fv2%2Fcategories&post=29708"},{"taxonomy":"post_tag","embeddable":true,"href":"http:\/\/blitzconquista.com.br\/index.php?rest_route=%2Fwp%2Fv2%2Ftags&post=29708"}],"curies":[{"name":"wp","href":"https:\/\/api.w.org\/{rel}","templated":true}]}}