{"id":30078,"date":"2014-11-07T15:06:23","date_gmt":"2014-11-07T18:06:23","guid":{"rendered":"http:\/\/blitzconquista.com.br\/new\/?p=30078"},"modified":"2014-11-07T15:06:23","modified_gmt":"2014-11-07T18:06:23","slug":"prefeitura-realiza-demolicao-de-imovel-localizado-na-avenida-integracao","status":"publish","type":"post","link":"http:\/\/blitzconquista.com.br\/?p=30078","title":{"rendered":"Prefeitura realiza demoli\u00e7\u00e3o de im\u00f3vel localizado na Avenida Integra\u00e7\u00e3o"},"content":{"rendered":"<p>Na tarde desta quinta-feira, 6, a Prefeitura de Vit\u00f3ria da Conquista demoliu o im\u00f3vel localizado na Avenida Integra\u00e7\u00e3o e que foi cedido ao Munic\u00edpio pela Uni\u00e3o. No espa\u00e7o, ser\u00e1 implantado o Centro de Aten\u00e7\u00e3o Psicossocial \u00c1lcool e Drogas (Caps AD III), com funcionamento 24 horas.<\/p>\n<p>O Caps AD III \u00e9 um dos equipamentos do programa \u201cCrack, \u00e9 poss\u00edvel vencer\u201d, do Governo Federal, que est\u00e1 sendo executado no Munic\u00edpio. O programa tem como finalidade prevenir o uso e promover a aten\u00e7\u00e3o integral aos usu\u00e1rios de crack, bem como enfrentar o tr\u00e1fico de drogas. O \u201cCrack, \u00e9 poss\u00edvel vencer\u201d atua em tr\u00eas eixos (cuidado, preven\u00e7\u00e3o e autoridade) e re\u00fane diversas a\u00e7\u00f5es que envolvem diretamente as pol\u00edticas de sa\u00fade, assist\u00eancia social e seguran\u00e7a p\u00fablica e, de forma complementar, a\u00e7\u00f5es de educa\u00e7\u00e3o e de garantia de direitos.<\/p>\n<p>O projeto de constru\u00e7\u00e3o do novo Centro j\u00e1 est\u00e1 conclu\u00eddo. A pr\u00f3xima etapa ser\u00e1 a publica\u00e7\u00e3o do edital de licita\u00e7\u00e3o para o in\u00edcio da obra. *Secom<\/p>\n","protected":false},"excerpt":{"rendered":"<p>Na tarde desta quinta-feira, 6, a Prefeitura de Vit\u00f3ria da Conquista demoliu o im\u00f3vel localizado na Avenida Integra\u00e7\u00e3o e que foi cedido ao Munic\u00edpio pela Uni\u00e3o. No espa\u00e7o, ser\u00e1 implantado o Centro de Aten\u00e7\u00e3o Psicossocial \u00c1lcool e Drogas (Caps AD III), com funcionamento 24 horas. O Caps AD III \u00e9 um dos equipamentos do programa [&hellip;]<\/p>\n","protected":false},"author":1,"featured_media":30079,"comment_status":"open","ping_status":"closed","sticky":false,"template":"","format":"standard","meta":[],"categories":[4],"tags":[],"_links":{"self":[{"href":"http:\/\/blitzconquista.com.br\/index.php?rest_route=\/wp\/v2\/posts\/30078"}],"collection":[{"href":"http:\/\/blitzconquista.com.br\/index.php?rest_route=\/wp\/v2\/posts"}],"about":[{"href":"http:\/\/blitzconquista.com.br\/index.php?rest_route=\/wp\/v2\/types\/post"}],"author":[{"embeddable":true,"href":"http:\/\/blitzconquista.com.br\/index.php?rest_route=\/wp\/v2\/users\/1"}],"replies":[{"embeddable":true,"href":"http:\/\/blitzconquista.com.br\/index.php?rest_route=%2Fwp%2Fv2%2Fcomments&post=30078"}],"version-history":[{"count":0,"href":"http:\/\/blitzconquista.com.br\/index.php?rest_route=\/wp\/v2\/posts\/30078\/revisions"}],"wp:featuredmedia":[{"embeddable":true,"href":"http:\/\/blitzconquista.com.br\/index.php?rest_route=\/"}],"wp:attachment":[{"href":"http:\/\/blitzconquista.com.br\/index.php?rest_route=%2Fwp%2Fv2%2Fmedia&parent=30078"}],"wp:term":[{"taxonomy":"category","embeddable":true,"href":"http:\/\/blitzconquista.com.br\/index.php?rest_route=%2Fwp%2Fv2%2Fcategories&post=30078"},{"taxonomy":"post_tag","embeddable":true,"href":"http:\/\/blitzconquista.com.br\/index.php?rest_route=%2Fwp%2Fv2%2Ftags&post=30078"}],"curies":[{"name":"wp","href":"https:\/\/api.w.org\/{rel}","templated":true}]}}