{"id":30114,"date":"2014-11-08T22:55:47","date_gmt":"2014-11-09T01:55:47","guid":{"rendered":"http:\/\/blitzconquista.com.br\/new\/?p=30114"},"modified":"2014-11-08T22:55:47","modified_gmt":"2014-11-09T01:55:47","slug":"aniversario-da-cidade-confira-a-programacao-oficial-do-dia-9-de-novembro-2","status":"publish","type":"post","link":"http:\/\/blitzconquista.com.br\/?p=30114","title":{"rendered":"Anivers\u00e1rio da Cidade: confira a programa\u00e7\u00e3o oficial do dia 9 de novembro"},"content":{"rendered":"<p>Vit\u00f3ria da Conquista completa 174 anos nesse domingo, 9 de novembro. E, como ocorre em todos os anos, a Prefeitura promove uma programa\u00e7\u00e3o especial durante a manh\u00e3, a fim de envolver a comunidade na comemora\u00e7\u00e3o de mais um anivers\u00e1rio do munic\u00edpio. As atividades ser\u00e3o realizadas no centro da cidade, em frente ao Memorial R\u00e9gis Pacheco, na parte superior da Pra\u00e7a Tancredo Neves.<\/p>\n<p>A programa\u00e7\u00e3o come\u00e7a \u00e0s 8h, com a tradicional missa em homenagem ao anivers\u00e1rio de Vit\u00f3ria da Conquista. A celebra\u00e7\u00e3o, a cargo do monsenhor Uilton Pereira da Silva (p\u00e1roco da Par\u00f3quia Nossa Senhora das Vit\u00f3rias), ser\u00e1 na Catedral Metropolitana.<\/p>\n<p>Em seguida, \u00e0s 9h30, haver\u00e1 o ato c\u00edvico com o hasteamento das bandeiras, ao som do Hino \u00e0 Conquista. A can\u00e7\u00e3o oficial ser\u00e1 executada pela Filarm\u00f4nica Maestro Vasconcelos.<\/p>\n<p>Passadas as atividades religiosas e oficiais, ser\u00e1 a vez da apresenta\u00e7\u00e3o do coral do programa Vivendo a Terceira Idade. Logo depois, haver\u00e1 a premia\u00e7\u00e3o dos vencedores da Corrida da Cidade. A programa\u00e7\u00e3o se encerra com a entrega oficial da Unidade M\u00f3vel Odontol\u00f3gica, rec\u00e9m-adquirida pela Prefeitura.<\/p>\n","protected":false},"excerpt":{"rendered":"<p>Vit\u00f3ria da Conquista completa 174 anos nesse domingo, 9 de novembro. E, como ocorre em todos os anos, a Prefeitura promove uma programa\u00e7\u00e3o especial durante a manh\u00e3, a fim de envolver a comunidade na comemora\u00e7\u00e3o de mais um anivers\u00e1rio do munic\u00edpio. As atividades ser\u00e3o realizadas no centro da cidade, em frente ao Memorial R\u00e9gis Pacheco, [&hellip;]<\/p>\n","protected":false},"author":1,"featured_media":30116,"comment_status":"open","ping_status":"closed","sticky":false,"template":"","format":"standard","meta":[],"categories":[4],"tags":[],"_links":{"self":[{"href":"http:\/\/blitzconquista.com.br\/index.php?rest_route=\/wp\/v2\/posts\/30114"}],"collection":[{"href":"http:\/\/blitzconquista.com.br\/index.php?rest_route=\/wp\/v2\/posts"}],"about":[{"href":"http:\/\/blitzconquista.com.br\/index.php?rest_route=\/wp\/v2\/types\/post"}],"author":[{"embeddable":true,"href":"http:\/\/blitzconquista.com.br\/index.php?rest_route=\/wp\/v2\/users\/1"}],"replies":[{"embeddable":true,"href":"http:\/\/blitzconquista.com.br\/index.php?rest_route=%2Fwp%2Fv2%2Fcomments&post=30114"}],"version-history":[{"count":0,"href":"http:\/\/blitzconquista.com.br\/index.php?rest_route=\/wp\/v2\/posts\/30114\/revisions"}],"wp:featuredmedia":[{"embeddable":true,"href":"http:\/\/blitzconquista.com.br\/index.php?rest_route=\/"}],"wp:attachment":[{"href":"http:\/\/blitzconquista.com.br\/index.php?rest_route=%2Fwp%2Fv2%2Fmedia&parent=30114"}],"wp:term":[{"taxonomy":"category","embeddable":true,"href":"http:\/\/blitzconquista.com.br\/index.php?rest_route=%2Fwp%2Fv2%2Fcategories&post=30114"},{"taxonomy":"post_tag","embeddable":true,"href":"http:\/\/blitzconquista.com.br\/index.php?rest_route=%2Fwp%2Fv2%2Ftags&post=30114"}],"curies":[{"name":"wp","href":"https:\/\/api.w.org\/{rel}","templated":true}]}}