{"id":30146,"date":"2014-11-09T21:46:28","date_gmt":"2014-11-10T00:46:28","guid":{"rendered":"http:\/\/blitzconquista.com.br\/new\/?p=30146"},"modified":"2014-11-09T21:46:28","modified_gmt":"2014-11-10T00:46:28","slug":"tradicional-corrida-da-cidade-reune-atletas-de-varias-idades-no-aniversario-de-conquista","status":"publish","type":"post","link":"http:\/\/blitzconquista.com.br\/?p=30146","title":{"rendered":"Tradicional Corrida da Cidade re\u00fane atletas de v\u00e1rias idades no anivers\u00e1rio de Conquista"},"content":{"rendered":"<div id=\"stcpDiv\">\n<p>Atletas de todas as idades participaram neste domingo, 9, da tradicional Corrida da Cidade. A atividade, promovida pela Prefeitura Municipal, por meio da Secretaria de Cultura, Turismo, Esporte e Lazer, faz parte das comemora\u00e7\u00f5es dos 174 anos de emancipa\u00e7\u00e3o pol\u00edtica de Vit\u00f3ria da Conquista.<\/p>\n<p>A corrida, que reuniu cerca de 300 competidores da cidade e de outros munic\u00edpios, teve como objetivos inserir novos atletas no cen\u00e1rio esportivo e promover o interc\u00e2mbio entre esportistas profissionais de renome na regi\u00e3o.<\/p>\n<p>Para o secret\u00e1rio de Cultura, Turismo, Esporte, Lazer, Nagib Barroso, este ano a Corrida da Cidade superou o n\u00famero de participantes inscritos. \u201cIsso prova mais uma vez a credibilidade, a organiza\u00e7\u00e3o do evento. Temos aqui pessoas participando ativamente de exerc\u00edcios f\u00edsicos para viver bem numa cidade que nos faz cada vez mais felizes\u201d, afirmou.<\/p>\n<p>Os atletas destacaram os aspectos positivos da corrida. Para Jos\u00e9 Batista, vencedor da categoria cadeirante, a competi\u00e7\u00e3o \u00e9 uma oportunidade para atletas de todas as idades e modalidades. \u201cEu e meus colegas cadeirantes estamos treinando e ficamos felizes pela oportunidade de participar dessa atividade\u201d, contou.<\/p>\n<p>E Juscelino Oliveira, primeiro lugar na categoria geral, corredor h\u00e1 quatro anos, completou: \u201cComecei a correr gra\u00e7as ao apoio da Prefeitura Municipal no Programa Segundo Tempo e hoje, fico feliz em levar o nome de Conquista a outras cidades da Bahia e do Brasil\u201d. *Secom<\/p>\n<\/div>\n","protected":false},"excerpt":{"rendered":"<p>Atletas de todas as idades participaram neste domingo, 9, da tradicional Corrida da Cidade. A atividade, promovida pela Prefeitura Municipal, por meio da Secretaria de Cultura, Turismo, Esporte e Lazer, faz parte das comemora\u00e7\u00f5es dos 174 anos de emancipa\u00e7\u00e3o pol\u00edtica de Vit\u00f3ria da Conquista. A corrida, que reuniu cerca de 300 competidores da cidade e [&hellip;]<\/p>\n","protected":false},"author":1,"featured_media":30147,"comment_status":"open","ping_status":"closed","sticky":false,"template":"","format":"standard","meta":[],"categories":[4],"tags":[],"_links":{"self":[{"href":"http:\/\/blitzconquista.com.br\/index.php?rest_route=\/wp\/v2\/posts\/30146"}],"collection":[{"href":"http:\/\/blitzconquista.com.br\/index.php?rest_route=\/wp\/v2\/posts"}],"about":[{"href":"http:\/\/blitzconquista.com.br\/index.php?rest_route=\/wp\/v2\/types\/post"}],"author":[{"embeddable":true,"href":"http:\/\/blitzconquista.com.br\/index.php?rest_route=\/wp\/v2\/users\/1"}],"replies":[{"embeddable":true,"href":"http:\/\/blitzconquista.com.br\/index.php?rest_route=%2Fwp%2Fv2%2Fcomments&post=30146"}],"version-history":[{"count":0,"href":"http:\/\/blitzconquista.com.br\/index.php?rest_route=\/wp\/v2\/posts\/30146\/revisions"}],"wp:featuredmedia":[{"embeddable":true,"href":"http:\/\/blitzconquista.com.br\/index.php?rest_route=\/"}],"wp:attachment":[{"href":"http:\/\/blitzconquista.com.br\/index.php?rest_route=%2Fwp%2Fv2%2Fmedia&parent=30146"}],"wp:term":[{"taxonomy":"category","embeddable":true,"href":"http:\/\/blitzconquista.com.br\/index.php?rest_route=%2Fwp%2Fv2%2Fcategories&post=30146"},{"taxonomy":"post_tag","embeddable":true,"href":"http:\/\/blitzconquista.com.br\/index.php?rest_route=%2Fwp%2Fv2%2Ftags&post=30146"}],"curies":[{"name":"wp","href":"https:\/\/api.w.org\/{rel}","templated":true}]}}