{"id":30160,"date":"2014-11-10T00:40:51","date_gmt":"2014-11-10T03:40:51","guid":{"rendered":"http:\/\/blitzconquista.com.br\/new\/?p=30160"},"modified":"2014-11-10T00:40:51","modified_gmt":"2014-11-10T03:40:51","slug":"oi-segue-a-vivo-e-corta-internet-ao-fim-da-franquia","status":"publish","type":"post","link":"http:\/\/blitzconquista.com.br\/?p=30160","title":{"rendered":"Oi segue a Vivo e corta internet ao fim da franquia"},"content":{"rendered":"<p>A operadora Oi anunciou que clientes pr\u00e9-pago que atingirem o limite da franquia ter\u00e3o a internet cortada. O modelo segue tend\u00eancia encabe\u00e7ada pela Vivo, que implementou o novo sistema a clientes de Minas Gerais e Rio Grande do Sul nesta \u00faltima quinta, 6.<\/p>\n<p>Com a mudan\u00e7a, clientes pr\u00e9-pagos que antes continuavam a usar a internet com velocidade reduzida ap\u00f3s o fim da franquia agora ter\u00e3o de contratar um &#8220;pacote adicional&#8221;. A medida passa a valer a partir do dia 1\u00ba de dezembro.<\/p>\n<p>A operadora havia dito que considerava &#8220;o fim da velocidade reduzida, aliada ao modelo de cobran\u00e7a adicional (..) uma tend\u00eancia mundial&#8221;. Atualmente, a Oi oferece pacotes pr\u00e9-pagos de 30 MB semanal e 100 MB mensal (veja tabela), al\u00e9m de pacotes adicionais de R$ 2,90 (semana) e R$ 9,90 (m\u00eas).<\/p>\n<p><b>Defesa do consumidor<\/b><\/p>\n<p>Para Veridiana Alimonti, advogada do Instituto de Defesa do Consumidor (Idec), o fim da velocidade reduzida \u00e9 &#8220;reflexo de um problema anterior, que \u00e9 a falta de infraestrutura de redes&#8221; no Brasil. &#8220;Se os brasileiros estavam experimentando demais a internet com menor velocidade isso mostra que eles estavam contratando planos com franquias abaixo do seu perfil de uso. O que acontece \u00e9 que as grandes franquias s\u00e3o muito caras e a infraestrutura n\u00e3o suporta maiores consumos.&#8221;<\/p>\n<p>Veridiana afirma que o consumidor que se sentir lesado pela mudan\u00e7a no plano deve procurar a Justi\u00e7a. Com o C\u00f3digo de Defesa do Consumidor \u00e9 poss\u00edvel argumentar que a venda do plano n\u00e3o deixou claro que a velocidade reduzida (geralmente vendida como internet &#8220;ilimitada&#8221;) se tratava de promo\u00e7\u00e3o. E ent\u00e3o se torna uma condi\u00e7\u00e3o vinculada ao contrato.<\/p>\n<p id=\"yui_3_9_1_1_1415588790311_1573\">A coordenadora do Proteste, Maria In\u00eas Dolci, fez um pedido formal \u00e0 Anatel para impedir as mudan\u00e7as que, para ela, s\u00f3 trar\u00e3o preju\u00edzos aos clientes. &#8220;Hoje, o consumidor j\u00e1 est\u00e1 bastante confuso com os planos que tem. At\u00e9 porque eles v\u00e3o mudando de forma unilateral&#8221;, diz.<\/p>\n<p><a href=\"http:\/\/blitzconquista.com.br\/new\/?attachment_id=27108\" rel=\"attachment wp-att-27108\"><img decoding=\"async\" loading=\"lazy\" class=\"alignnone size-full wp-image-27108\" src=\"http:\/\/blitzconquista.com.br\/new\/wp-content\/uploads\/2014\/08\/estadao.png\" alt=\"estadao\" width=\"99\" height=\"16\" \/><\/a><\/p>\n","protected":false},"excerpt":{"rendered":"<p>A operadora Oi anunciou que clientes pr\u00e9-pago que atingirem o limite da franquia ter\u00e3o a internet cortada. O modelo segue tend\u00eancia encabe\u00e7ada pela Vivo, que implementou o novo sistema a clientes de Minas Gerais e Rio Grande do Sul nesta \u00faltima quinta, 6. Com a mudan\u00e7a, clientes pr\u00e9-pagos que antes continuavam a usar a internet [&hellip;]<\/p>\n","protected":false},"author":1,"featured_media":30161,"comment_status":"open","ping_status":"closed","sticky":false,"template":"","format":"standard","meta":[],"categories":[4],"tags":[],"_links":{"self":[{"href":"http:\/\/blitzconquista.com.br\/index.php?rest_route=\/wp\/v2\/posts\/30160"}],"collection":[{"href":"http:\/\/blitzconquista.com.br\/index.php?rest_route=\/wp\/v2\/posts"}],"about":[{"href":"http:\/\/blitzconquista.com.br\/index.php?rest_route=\/wp\/v2\/types\/post"}],"author":[{"embeddable":true,"href":"http:\/\/blitzconquista.com.br\/index.php?rest_route=\/wp\/v2\/users\/1"}],"replies":[{"embeddable":true,"href":"http:\/\/blitzconquista.com.br\/index.php?rest_route=%2Fwp%2Fv2%2Fcomments&post=30160"}],"version-history":[{"count":0,"href":"http:\/\/blitzconquista.com.br\/index.php?rest_route=\/wp\/v2\/posts\/30160\/revisions"}],"wp:featuredmedia":[{"embeddable":true,"href":"http:\/\/blitzconquista.com.br\/index.php?rest_route=\/"}],"wp:attachment":[{"href":"http:\/\/blitzconquista.com.br\/index.php?rest_route=%2Fwp%2Fv2%2Fmedia&parent=30160"}],"wp:term":[{"taxonomy":"category","embeddable":true,"href":"http:\/\/blitzconquista.com.br\/index.php?rest_route=%2Fwp%2Fv2%2Fcategories&post=30160"},{"taxonomy":"post_tag","embeddable":true,"href":"http:\/\/blitzconquista.com.br\/index.php?rest_route=%2Fwp%2Fv2%2Ftags&post=30160"}],"curies":[{"name":"wp","href":"https:\/\/api.w.org\/{rel}","templated":true}]}}