{"id":30166,"date":"2014-11-10T23:01:18","date_gmt":"2014-11-11T02:01:18","guid":{"rendered":"http:\/\/blitzconquista.com.br\/new\/?p=30166"},"modified":"2015-08-26T22:48:09","modified_gmt":"2015-08-27T01:48:09","slug":"forte-chuva-causa-prejuizos-em-conquista","status":"publish","type":"post","link":"http:\/\/blitzconquista.com.br\/?p=30166","title":{"rendered":"Forte chuva causa preju\u00edzos em Conquista"},"content":{"rendered":"<p>A forte chuva que caiu na tarde desta segunda-feira, 10, em Vit\u00f3ria da Conquista causou preju\u00edzos, principalmente no Centro Comercial da Cidade.<\/p>\n<p>A forte enxurrada provocou engavetamento envolvendo mais de dez ve\u00edculos na Rua Ascendino Melo. V\u00e1rias motocicletas foram levadas pela \u00e1gua e os propriet\u00e1rios tiveram trabalho para localiz\u00e1-las; uma motoneta n\u00e3o foi encontrada.<\/p>\n<p><center><iframe loading=\"lazy\" src=\"\/\/www.youtube.com\/embed\/HT6xTDdLlAY\" width=\"560\" height=\"315\" frameborder=\"0\" allowfullscreen=\"allowfullscreen\"><\/iframe><\/center><\/p>\n<p>O teto de uma loja na Rua Ernesto Dantas n\u00e3o suportou ao grande volume de \u00e1gua e desabou parcialmente.<\/p>\n<p><a href=\"http:\/\/blitzconquista.com.br\/new\/?attachment_id=30167\" rel=\"attachment wp-att-30167\"><img decoding=\"async\" loading=\"lazy\" class=\"size-full wp-image-30167 aligncenter\" src=\"http:\/\/blitzconquista.com.br\/new\/wp-content\/uploads\/2014\/11\/20141110_150221.jpg\" alt=\"20141110_150221\" width=\"590\" height=\"420\" \/><\/a><\/p>\n<p>Na Rua Lisboa lojistas tamb\u00e9m reclamaram da for\u00e7a da \u00e1gua.<\/p>\n<p><center><iframe loading=\"lazy\" src=\"\/\/www.youtube.com\/embed\/kAs1wGd_EG0\" width=\"560\" height=\"315\" frameborder=\"0\" allowfullscreen=\"allowfullscreen\"><\/iframe><center><\/p>\n<p>A Av. Bartolomeu de Gusm\u00e3o foi um dos locais mais afetados pela chuva. A via ficou inundada, v\u00e1rios ve\u00edculos ficaram ilhados e alguns estabelecimentos invadidos pela \u00e1gua. Uma universidade cancelou as aulas de algumas turmas por conta do telhado que n\u00e3o resistiu ao temporal e desabou.<\/center><\/center><\/p>\n<figure id=\"attachment_30169\" aria-describedby=\"caption-attachment-30169\" style=\"width: 298px\" class=\"wp-caption aligncenter\"><a href=\"http:\/\/blitzconquista.com.br\/new\/?attachment_id=30169\" rel=\"attachment wp-att-30169\"><img decoding=\"async\" loading=\"lazy\" class=\"wp-image-30169 size-full\" src=\"http:\/\/blitzconquista.com.br\/new\/wp-content\/uploads\/2014\/11\/IMG-20141110-WA0020.jpg\" alt=\"IMG-20141110-WA0020\" width=\"298\" height=\"420\" \/><\/a><figcaption id=\"caption-attachment-30169\" class=\"wp-caption-text\"><em>Foto: leitor do Blitz \/ via WhatsApp 779171-5544<\/em><\/figcaption><\/figure>\n<p>Na Av. Siqueira Campos um cont\u00eainer de entulho foi levado pela enxurrada e atingiu a lateral de um \u00f4nibus da Via\u00e7\u00e3o Vit\u00f3ria.<\/p>\n<figure id=\"attachment_30168\" aria-describedby=\"caption-attachment-30168\" style=\"width: 570px\" class=\"wp-caption aligncenter\"><a href=\"http:\/\/blitzconquista.com.br\/new\/?attachment_id=30168\" rel=\"attachment wp-att-30168\"><img decoding=\"async\" loading=\"lazy\" class=\"wp-image-30168 \" src=\"http:\/\/blitzconquista.com.br\/new\/wp-content\/uploads\/2014\/11\/IMG-20141110-WA0015.jpg\" alt=\"IMG-20141110-WA0015\" width=\"570\" height=\"406\" \/><\/a><figcaption id=\"caption-attachment-30168\" class=\"wp-caption-text\"><em>Foto: leitor do Blitz \/ via WhatsApp 779171-5544<\/em><\/figcaption><\/figure>\n<p>Populares se juntaram e retiraram o cont\u00eainer do meio da rua.<\/p>\n<p><center><iframe loading=\"lazy\" src=\"\/\/www.youtube.com\/embed\/kAs1wGd_EG0\" width=\"560\" height=\"315\" frameborder=\"0\" allowfullscreen=\"allowfullscreen\"><\/iframe><\/center><\/p>\n<p>A previs\u00e3o do tempo para essa ter\u00e7a feira \u00e9 de mais chuva. De acordo com a ag\u00eancia Climatempo, s\u00e3o esperados 60 mm de chuva durante todo o dia. Pela manh\u00e3 a precipita\u00e7\u00e3o deve ser mais intensa e com raios e trovoadas.<\/p>\n<p>&nbsp;<\/p>\n","protected":false},"excerpt":{"rendered":"<p>A forte chuva que caiu na tarde desta segunda-feira, 10, em Vit\u00f3ria da Conquista causou preju\u00edzos, principalmente no Centro Comercial da Cidade. A forte enxurrada provocou engavetamento envolvendo mais de dez ve\u00edculos na Rua Ascendino Melo. V\u00e1rias motocicletas foram levadas pela \u00e1gua e os propriet\u00e1rios tiveram trabalho para localiz\u00e1-las; uma motoneta n\u00e3o foi encontrada. O [&hellip;]<\/p>\n","protected":false},"author":1,"featured_media":30170,"comment_status":"open","ping_status":"closed","sticky":false,"template":"","format":"standard","meta":[],"categories":[4],"tags":[],"_links":{"self":[{"href":"http:\/\/blitzconquista.com.br\/index.php?rest_route=\/wp\/v2\/posts\/30166"}],"collection":[{"href":"http:\/\/blitzconquista.com.br\/index.php?rest_route=\/wp\/v2\/posts"}],"about":[{"href":"http:\/\/blitzconquista.com.br\/index.php?rest_route=\/wp\/v2\/types\/post"}],"author":[{"embeddable":true,"href":"http:\/\/blitzconquista.com.br\/index.php?rest_route=\/wp\/v2\/users\/1"}],"replies":[{"embeddable":true,"href":"http:\/\/blitzconquista.com.br\/index.php?rest_route=%2Fwp%2Fv2%2Fcomments&post=30166"}],"version-history":[{"count":0,"href":"http:\/\/blitzconquista.com.br\/index.php?rest_route=\/wp\/v2\/posts\/30166\/revisions"}],"wp:featuredmedia":[{"embeddable":true,"href":"http:\/\/blitzconquista.com.br\/index.php?rest_route=\/"}],"wp:attachment":[{"href":"http:\/\/blitzconquista.com.br\/index.php?rest_route=%2Fwp%2Fv2%2Fmedia&parent=30166"}],"wp:term":[{"taxonomy":"category","embeddable":true,"href":"http:\/\/blitzconquista.com.br\/index.php?rest_route=%2Fwp%2Fv2%2Fcategories&post=30166"},{"taxonomy":"post_tag","embeddable":true,"href":"http:\/\/blitzconquista.com.br\/index.php?rest_route=%2Fwp%2Fv2%2Ftags&post=30166"}],"curies":[{"name":"wp","href":"https:\/\/api.w.org\/{rel}","templated":true}]}}