{"id":30192,"date":"2014-11-11T00:02:19","date_gmt":"2014-11-11T03:02:19","guid":{"rendered":"http:\/\/blitzconquista.com.br\/new\/?p=30192"},"modified":"2014-11-11T00:02:19","modified_gmt":"2014-11-11T03:02:19","slug":"brasil-esta-pior-do-que-na-epoca-do-apagao","status":"publish","type":"post","link":"http:\/\/blitzconquista.com.br\/?p=30192","title":{"rendered":"Brasil est\u00e1 pior do que na \u00e9poca do apag\u00e3o"},"content":{"rendered":"<p>Estamos nos aproximando do ver\u00e3o 2014\/2015 e a situa\u00e7\u00e3o das hidrel\u00e9tricas para gera\u00e7\u00e3o de energia no Brasil \u00e9 cada vez mais preocupante. A chuva abaixo do normal praticamente h\u00e1 dezoito meses principalmente no Sudeste, Nordeste e Norte resultou na pior crise de falta de \u00e1gua do pa\u00eds.<\/p>\n<p>As bacias do rio Grande e do rio Parana\u00edba, situadas entre o norte de S\u00e3o Paulo, Tri\u00e2ngulo Mineiro e sul de Goi\u00e1s, representam cerca de 60% de toda a energia afluente gerada no Brasil. O quadro atual \u00e9 extremamente preocupante, pois as hidrel\u00e9tricas do Sudeste entraram o m\u00eas de novembro operando apenas com a metade da capacidade de gera\u00e7\u00e3o.<\/p>\n<p>Outros dados da ONS, Operador do Sistema Nacional, analisados pelo meteorologista Alexandre Nascimento, revelam que a\u00a0capacidade de gera\u00e7\u00e3o atual das bacias do Nordeste e do Norte\u00a0tamb\u00e9m \u00e9 cr\u00edtica.<\/p>\n<p>Os principais reservat\u00f3rios de gera\u00e7\u00e3o de energia situados na Regi\u00e3o Sul s\u00e3o os que est\u00e3o numa situa\u00e7\u00e3o mais confort\u00e1vel comparado ao restante do pa\u00eds, pois muitas \u00e1reas do Sul tiveram chuva acima m\u00e9dia entre abril e outubro.<\/p>\n<p>Alexandre Nascimento avalia a situa\u00e7\u00e3o dos principais reservat\u00f3rios como mais cr\u00edtica do que na \u00e9poca do Apag\u00e3o e do racionamento de energia no ano de 2001. O que tem compensado a situa\u00e7\u00e3o \u00e9 uso das termoel\u00e9tricas, por\u00e9m tendo um impacto direto no custo dessa energia.<\/p>\n<p><img decoding=\"async\" loading=\"lazy\" class=\"aligncenter\" src=\"http:\/\/www.climatempo.com.br\/destaques\/wp-content\/uploads\/2014\/11\/Reservatorios-evolui-apaga0-2001-2014-640x451.jpg\" alt=\"\" width=\"607\" height=\"428\" \/><\/p>\n<p>A previs\u00e3o clim\u00e1tica indica chuva dentro da normalidade nos pr\u00f3ximos meses com a entrada do ver\u00e3o. Mas ser\u00e1 que teremos chuva suficiente para reverter a defici\u00eancia para gera\u00e7\u00e3o de energia a curto ou m\u00e9dio prazo? *Climatempo<br \/>\n<center><iframe loading=\"lazy\" width=\"560\" height=\"315\" src=\"\/\/www.youtube.com\/embed\/c1KFZfTKlDw\" frameborder=\"0\" allowfullscreen><\/iframe><\/center><\/p>\n","protected":false},"excerpt":{"rendered":"<p>Estamos nos aproximando do ver\u00e3o 2014\/2015 e a situa\u00e7\u00e3o das hidrel\u00e9tricas para gera\u00e7\u00e3o de energia no Brasil \u00e9 cada vez mais preocupante. A chuva abaixo do normal praticamente h\u00e1 dezoito meses principalmente no Sudeste, Nordeste e Norte resultou na pior crise de falta de \u00e1gua do pa\u00eds. As bacias do rio Grande e do rio [&hellip;]<\/p>\n","protected":false},"author":1,"featured_media":30193,"comment_status":"open","ping_status":"closed","sticky":false,"template":"","format":"standard","meta":[],"categories":[4],"tags":[],"_links":{"self":[{"href":"http:\/\/blitzconquista.com.br\/index.php?rest_route=\/wp\/v2\/posts\/30192"}],"collection":[{"href":"http:\/\/blitzconquista.com.br\/index.php?rest_route=\/wp\/v2\/posts"}],"about":[{"href":"http:\/\/blitzconquista.com.br\/index.php?rest_route=\/wp\/v2\/types\/post"}],"author":[{"embeddable":true,"href":"http:\/\/blitzconquista.com.br\/index.php?rest_route=\/wp\/v2\/users\/1"}],"replies":[{"embeddable":true,"href":"http:\/\/blitzconquista.com.br\/index.php?rest_route=%2Fwp%2Fv2%2Fcomments&post=30192"}],"version-history":[{"count":0,"href":"http:\/\/blitzconquista.com.br\/index.php?rest_route=\/wp\/v2\/posts\/30192\/revisions"}],"wp:featuredmedia":[{"embeddable":true,"href":"http:\/\/blitzconquista.com.br\/index.php?rest_route=\/"}],"wp:attachment":[{"href":"http:\/\/blitzconquista.com.br\/index.php?rest_route=%2Fwp%2Fv2%2Fmedia&parent=30192"}],"wp:term":[{"taxonomy":"category","embeddable":true,"href":"http:\/\/blitzconquista.com.br\/index.php?rest_route=%2Fwp%2Fv2%2Fcategories&post=30192"},{"taxonomy":"post_tag","embeddable":true,"href":"http:\/\/blitzconquista.com.br\/index.php?rest_route=%2Fwp%2Fv2%2Ftags&post=30192"}],"curies":[{"name":"wp","href":"https:\/\/api.w.org\/{rel}","templated":true}]}}